{"id":824,"date":"2019-05-06T15:52:02","date_gmt":"2019-05-06T13:52:02","guid":{"rendered":"http:\/\/produire-en-nouvelle-aquitaine.org\/?p=824"},"modified":"2019-05-06T15:52:02","modified_gmt":"2019-05-06T13:52:02","slug":"pyramide-production-fete-ses-30-ans-avec-une-exposition","status":"publish","type":"post","link":"https:\/\/produire-en-nouvelle-aquitaine.org\/index.php\/2019\/05\/06\/pyramide-production-fete-ses-30-ans-avec-une-exposition\/","title":{"rendered":"Pyramide Production f\u00eate ses 30 ans avec une exposition."},"content":{"rendered":"<div class=\"\"><span style=\"font-family: georgia, palatino, serif;\"><span style=\"font-size: 12pt;\"><span class=\"\">En<\/span><span class=\"\">\u00a0Mai,\u00a0<\/span><\/span><span style=\"font-size: 12pt;\"><span class=\"\">\u00e0 la\u00a0<\/span><span class=\"\">BFM Centre-Ville de Limoges<\/span><span class=\"\">, Galerie Jardin d\u2019hiver,\u00a0<\/span><\/span><span class=\"\" style=\"font-size: 12pt;\">Pyramide Production propose une\u00a0<span class=\"\">exposition<\/span>\u00a0accompagn\u00e9e de\u00a0<span class=\"\">trois\u00a0soir\u00e9es projections.<\/span><\/span><\/span><\/div>\n<div><\/div>\n<p>Retour sur un catalogue de 30 ans et 80 films documentaires, men\u00e9s par Isabelle Neuvialle et Patrick S\u00e9raudie, les producteurs de cette maison. Venez parcourir l&rsquo;histoire de cette passion pour le documentaire et ses auteurs, d\u00e9couvrir comment se dessine une ligne \u00e9ditoriale, film apr\u00e8s film, rencontre apr\u00e8s rencontre.<\/p>\n<div><\/div>\n<div>Plus d&rsquo;information l\u00e0 :<\/div>\n<div><img loading=\"lazy\" decoding=\"async\" class=\"alignnone size-medium wp-image-825\" src=\"http:\/\/produire-en-nouvelle-aquitaine.org\/wp-content\/uploads\/2019\/05\/942EE074-5AD7-4BFF-A9FC-110172F00DC3-300x212.jpeg\" alt=\"\" width=\"300\" height=\"212\" srcset=\"https:\/\/produire-en-nouvelle-aquitaine.org\/wp-content\/uploads\/2019\/05\/942EE074-5AD7-4BFF-A9FC-110172F00DC3-300x212.jpeg 300w, https:\/\/produire-en-nouvelle-aquitaine.org\/wp-content\/uploads\/2019\/05\/942EE074-5AD7-4BFF-A9FC-110172F00DC3-768x543.jpeg 768w, https:\/\/produire-en-nouvelle-aquitaine.org\/wp-content\/uploads\/2019\/05\/942EE074-5AD7-4BFF-A9FC-110172F00DC3-1024x724.jpeg 1024w, https:\/\/produire-en-nouvelle-aquitaine.org\/wp-content\/uploads\/2019\/05\/942EE074-5AD7-4BFF-A9FC-110172F00DC3-1320x934.jpeg 1320w, https:\/\/produire-en-nouvelle-aquitaine.org\/wp-content\/uploads\/2019\/05\/942EE074-5AD7-4BFF-A9FC-110172F00DC3.jpeg 1500w\" sizes=\"(max-width: 300px) 100vw, 300px\" \/><\/div>\n","protected":false},"excerpt":{"rendered":"<p>En\u00a0Mai,\u00a0\u00e0 la\u00a0BFM Centre-Ville de Limoges, Galerie Jardin d\u2019hiver,\u00a0Pyramide Production propose une\u00a0exposition\u00a0accompagn\u00e9e de\u00a0trois\u00a0soir\u00e9es projections. Retour sur un catalogue de 30 ans et 80 films documentaires, men\u00e9s par Isabelle Neuvialle et Patrick S\u00e9raudie, les producteurs de cette maison. Venez parcourir l&rsquo;histoire de cette passion pour le documentaire et ses auteurs, d\u00e9couvrir comment se dessine une ligne \u00e9ditoriale,&hellip; <a href=\"https:\/\/produire-en-nouvelle-aquitaine.org\/index.php\/2019\/05\/06\/pyramide-production-fete-ses-30-ans-avec-une-exposition\/\" class=\"more-link\">Lire la suite <span class=\"screen-reader-text\">Pyramide Production f\u00eate ses 30 ans avec une exposition.<\/span><\/a><\/p>\n","protected":false},"author":1,"featured_media":0,"comment_status":"closed","ping_status":"closed","sticky":false,"template":"","format":"standard","meta":{"footnotes":""},"categories":[3],"tags":[],"_links":{"self":[{"href":"https:\/\/produire-en-nouvelle-aquitaine.org\/index.php\/wp-json\/wp\/v2\/posts\/824"}],"collection":[{"href":"https:\/\/produire-en-nouvelle-aquitaine.org\/index.php\/wp-json\/wp\/v2\/posts"}],"about":[{"href":"https:\/\/produire-en-nouvelle-aquitaine.org\/index.php\/wp-json\/wp\/v2\/types\/post"}],"author":[{"embeddable":true,"href":"https:\/\/produire-en-nouvelle-aquitaine.org\/index.php\/wp-json\/wp\/v2\/users\/1"}],"replies":[{"embeddable":true,"href":"https:\/\/produire-en-nouvelle-aquitaine.org\/index.php\/wp-json\/wp\/v2\/comments?post=824"}],"version-history":[{"count":2,"href":"https:\/\/produire-en-nouvelle-aquitaine.org\/index.php\/wp-json\/wp\/v2\/posts\/824\/revisions"}],"predecessor-version":[{"id":827,"href":"https:\/\/produire-en-nouvelle-aquitaine.org\/index.php\/wp-json\/wp\/v2\/posts\/824\/revisions\/827"}],"wp:attachment":[{"href":"https:\/\/produire-en-nouvelle-aquitaine.org\/index.php\/wp-json\/wp\/v2\/media?parent=824"}],"wp:term":[{"taxonomy":"category","embeddable":true,"href":"https:\/\/produire-en-nouvelle-aquitaine.org\/index.php\/wp-json\/wp\/v2\/categories?post=824"},{"taxonomy":"post_tag","embeddable":true,"href":"https:\/\/produire-en-nouvelle-aquitaine.org\/index.php\/wp-json\/wp\/v2\/tags?post=824"}],"curies":[{"name":"wp","href":"https:\/\/api.w.org\/{rel}","templated":true}]}}