{"id":731,"date":"2019-02-21T11:11:31","date_gmt":"2019-02-21T10:11:31","guid":{"rendered":"http:\/\/produire-en-nouvelle-aquitaine.org\/?p=731"},"modified":"2019-02-21T11:11:31","modified_gmt":"2019-02-21T10:11:31","slug":"quatre-femmes-en-avant-premiere-a-limoges-et-des-projections-en-mars-pour-pyramide-production","status":"publish","type":"post","link":"https:\/\/produire-en-nouvelle-aquitaine.org\/index.php\/2019\/02\/21\/quatre-femmes-en-avant-premiere-a-limoges-et-des-projections-en-mars-pour-pyramide-production\/","title":{"rendered":"Quatre femmes en avant-premi\u00e8re \u00e0 Limoges et des projections en mars pour Pyramide Production"},"content":{"rendered":"<p><strong><img loading=\"lazy\" decoding=\"async\" class=\"alignnone size-medium wp-image-732\" src=\"http:\/\/produire-en-nouvelle-aquitaine.org\/wp-content\/uploads\/2019\/02\/4femmes_PYR-300x181.jpg\" alt=\"\" width=\"300\" height=\"181\" srcset=\"https:\/\/produire-en-nouvelle-aquitaine.org\/wp-content\/uploads\/2019\/02\/4femmes_PYR-300x181.jpg 300w, https:\/\/produire-en-nouvelle-aquitaine.org\/wp-content\/uploads\/2019\/02\/4femmes_PYR-768x463.jpg 768w, https:\/\/produire-en-nouvelle-aquitaine.org\/wp-content\/uploads\/2019\/02\/4femmes_PYR-1024x617.jpg 1024w, https:\/\/produire-en-nouvelle-aquitaine.org\/wp-content\/uploads\/2019\/02\/4femmes_PYR-1320x796.jpg 1320w\" sizes=\"(max-width: 300px) 100vw, 300px\" \/><\/strong><\/p>\n<p><strong>Avant-premi\u00e8re<\/strong>\u00a0du dernier film de Patrick S\u00e9raudie <span style=\"color: #3366ff;\"><em><strong>Quatre femmes<\/strong><\/em><\/span> Jeudi 14 mars, Cin\u00e9ma Le Lido (Limoges) en pr\u00e9sence des protagonistes.<\/p>\n<p><span style=\"text-decoration: underline;\">R\u00e9sum\u00e9<\/span> : Gulsen, Mumine, Soraya et Sally sont des femmes engage\u0301es en politique. Purs produits de l\u2019e\u0301cole re\u0301publicaine pour certaines, autodidactes et inde\u0301pendantes pour les autres, toutes se sont investies tre\u0300s to\u0302t dans le monde associatif. De l\u2019associatif a\u0300 la politique, il n\u2019y a qu\u2019un pas, qu\u2019elles ont franchi il y a quelques anne\u0301es, occupant chacune un mandat local ou re\u0301gional. Elles ont un autre point commun : elles sont d\u2019origine e\u0301trange\u0300re.<br \/>\nCe film retrace leurs combats pour s\u2019affranchir de leurs origines et trouver leur place dans le microcosme politique franc\u0327ais encore trop majoritairement domine\u0301 par les hommes.<\/p>\n<p><em>Une coproduction Pyramide Production\/France T\u00e9l\u00e9visions &#8211; 2019, 52&prime;, e<\/em><em>n partenariat avec la Direction r\u00e9gionale aux droits des femmes et \u00e0 l\u2019\u00e9galit\u00e9 entre les femmes et les hommes<\/em><\/p>\n<p>Le film sera en outre diffus\u00e9 lundi\u00a018 mars,\u00a0apr\u00e8s <em>Soir 3<\/em>\u00a0et\u00a0vendredi\u00a022 mars \u00e0 9h10, sur\u00a0France 3 Nouvelle-Aquitaine. Vous pourrez aussi le retrouver sur grand \u00e9cran le jeudi 28 mars \u00e0 20h30 au Cin\u00e9ma le Colis\u00e9e de Ch\u00e2teauneuf-la-Foret\u00a0 (87).<\/p>\n<p><strong>Projections<\/strong><\/p>\n<p><img loading=\"lazy\" decoding=\"async\" class=\"alignleft wp-image-734 size-thumbnail\" src=\"http:\/\/produire-en-nouvelle-aquitaine.org\/wp-content\/uploads\/2019\/02\/Des-caravanes1Copyright-Lucie-JacquesPyramide-Production-150x150.jpg\" alt=\"\" width=\"150\" height=\"150\" srcset=\"https:\/\/produire-en-nouvelle-aquitaine.org\/wp-content\/uploads\/2019\/02\/Des-caravanes1Copyright-Lucie-JacquesPyramide-Production-150x150.jpg 150w, https:\/\/produire-en-nouvelle-aquitaine.org\/wp-content\/uploads\/2019\/02\/Des-caravanes1Copyright-Lucie-JacquesPyramide-Production-180x180.jpg 180w\" sizes=\"(max-width: 150px) 100vw, 150px\" \/><\/p>\n<ul>\n<li><u>Mardi 12 mars \u00e0 20h30<\/u> <span style=\"color: #3366ff;\"><em><strong>La saga des Haviland<\/strong> <\/em><\/span>de Guillaume\u00a0Silberfeld (52&prime;, 1991) \u00e0 l\u2019Espace Noriac, Limoges.\u00a0<em>P<\/em><em>rojection-d\u00e9bat organis\u00e9e enpartenariat avec la Cin\u00e9math\u00e8que de Nouvelle-Aquitaine.\u00a0Entr\u00e9e libre.<\/em><\/li>\n<li><u>Jeudi 14 mars \u00e0 18h<\/u>\u00a0<span style=\"color: #3366ff;\"><em><strong>Des caravanes dans la t\u00eate<\/strong><\/em><\/span> de Sylvie Texier (60&prime;, 2013) au Cin\u00e9 Bourse de Saint-Junien et <u>Lundi 18 mars \u00e0 18h<\/u> au Centre Culturel Municipal de Couzeix.\u00a0<em>Soir\u00e9es en pr\u00e9sence de la r\u00e9alisatrice\u00a0organis\u00e9es en partenariat avec les PEP 87, \u00e0 l\u2019occasion des 20 ans du Camion Ecole de l\u2019APEV 87.<\/em><\/li>\n<li><u>Jeudi 21 mars \u00e0 20h30<\/u> <strong><span style=\"color: #3366ff;\">Soir\u00e9e <\/span><em><span style=\"color: #3366ff;\">Willy Ronis<\/span>\u00a0<\/em>: <\/strong>projection de deux films au Cin\u00e9ma Le Colis\u00e9e de Ch\u00e2teauneuf-la-Foret.\u00a0<em>En pr\u00e9sence de Patrick S\u00e9raudie.\u00a0<\/em><\/li>\n<li><u>Vendredi 22 mars \u00e0 14h<\/u>\u00a0<span style=\"color: #3366ff;\"><em><strong>\u00c0\u00a0l\u2019infini<\/strong><\/em><\/span>\u00a0d\u2019Edmond Carr\u00e8re (72\u2019, 2017) au Cin\u00e9ma Le Parvis \u00e0 Ibos<\/li>\n<\/ul>\n<p><strong>Des nouvelles des films en production\u00a0<\/strong><\/p>\n<p><img loading=\"lazy\" decoding=\"async\" class=\"alignnone size-medium wp-image-733\" src=\"http:\/\/produire-en-nouvelle-aquitaine.org\/wp-content\/uploads\/2019\/02\/HierLesCendres_tournage-225x300.jpg\" alt=\"\" width=\"225\" height=\"300\" srcset=\"https:\/\/produire-en-nouvelle-aquitaine.org\/wp-content\/uploads\/2019\/02\/HierLesCendres_tournage-225x300.jpg 225w, https:\/\/produire-en-nouvelle-aquitaine.org\/wp-content\/uploads\/2019\/02\/HierLesCendres_tournage.jpg 600w\" sizes=\"(max-width: 225px) 100vw, 225px\" \/><\/p>\n<p>Le prochain documentaire de St\u00e9phane Roland sur les lieux de m\u00e9moire <span style=\"color: #3366ff;\"><em><strong>Hier les cendres, demain la neige<\/strong><\/em><\/span>\u00a0est actuellement en tournage sur le territoire n\u00e9o-aquitain. Diffusion pr\u00e9vue d\u00e9but juin !\u00a0<em>Une coproduction Pyramide Production\/France T\u00e9l\u00e9visions &#8211; 2019, 52&prime;<\/em><\/p>\n<p>Rep\u00e9rages au Mozambique pour Pedro Neves et Manuel Roberto sur le long-m\u00e9trage soutenu en d\u00e9veloppement au Fonds FILM <strong><em><span style=\"color: #3366ff;\">Les H\u00e9ritiers de la R\u00e9volution<\/span><\/em>.<\/strong><\/p>\n<p>Pour en savoir plus sur les films, rendez-vous sur le site de Pyramide Production :\u00a0<strong><span style=\"color: #3366ff;\"><a style=\"color: #3366ff;\" href=\"https:\/\/www.pyramideproduction-films.com\/\">ici !<\/a><\/span><\/strong><\/p>\n","protected":false},"excerpt":{"rendered":"<p>Avant-premi\u00e8re\u00a0du dernier film de Patrick S\u00e9raudie Quatre femmes Jeudi 14 mars, Cin\u00e9ma Le Lido (Limoges) en pr\u00e9sence des protagonistes. R\u00e9sum\u00e9 : Gulsen, Mumine, Soraya et Sally sont des femmes engage\u0301es en politique. Purs produits de l\u2019e\u0301cole re\u0301publicaine pour certaines, autodidactes et inde\u0301pendantes pour les autres, toutes se sont investies tre\u0300s to\u0302t dans le monde associatif.&hellip; <a href=\"https:\/\/produire-en-nouvelle-aquitaine.org\/index.php\/2019\/02\/21\/quatre-femmes-en-avant-premiere-a-limoges-et-des-projections-en-mars-pour-pyramide-production\/\" class=\"more-link\">Lire la suite <span class=\"screen-reader-text\">Quatre femmes en avant-premi\u00e8re \u00e0 Limoges et des projections en mars pour Pyramide Production<\/span><\/a><\/p>\n","protected":false},"author":1,"featured_media":0,"comment_status":"closed","ping_status":"closed","sticky":false,"template":"","format":"standard","meta":{"footnotes":""},"categories":[3],"tags":[],"_links":{"self":[{"href":"https:\/\/produire-en-nouvelle-aquitaine.org\/index.php\/wp-json\/wp\/v2\/posts\/731"}],"collection":[{"href":"https:\/\/produire-en-nouvelle-aquitaine.org\/index.php\/wp-json\/wp\/v2\/posts"}],"about":[{"href":"https:\/\/produire-en-nouvelle-aquitaine.org\/index.php\/wp-json\/wp\/v2\/types\/post"}],"author":[{"embeddable":true,"href":"https:\/\/produire-en-nouvelle-aquitaine.org\/index.php\/wp-json\/wp\/v2\/users\/1"}],"replies":[{"embeddable":true,"href":"https:\/\/produire-en-nouvelle-aquitaine.org\/index.php\/wp-json\/wp\/v2\/comments?post=731"}],"version-history":[{"count":3,"href":"https:\/\/produire-en-nouvelle-aquitaine.org\/index.php\/wp-json\/wp\/v2\/posts\/731\/revisions"}],"predecessor-version":[{"id":737,"href":"https:\/\/produire-en-nouvelle-aquitaine.org\/index.php\/wp-json\/wp\/v2\/posts\/731\/revisions\/737"}],"wp:attachment":[{"href":"https:\/\/produire-en-nouvelle-aquitaine.org\/index.php\/wp-json\/wp\/v2\/media?parent=731"}],"wp:term":[{"taxonomy":"category","embeddable":true,"href":"https:\/\/produire-en-nouvelle-aquitaine.org\/index.php\/wp-json\/wp\/v2\/categories?post=731"},{"taxonomy":"post_tag","embeddable":true,"href":"https:\/\/produire-en-nouvelle-aquitaine.org\/index.php\/wp-json\/wp\/v2\/tags?post=731"}],"curies":[{"name":"wp","href":"https:\/\/api.w.org\/{rel}","templated":true}]}}