{"id":719,"date":"2019-02-20T11:56:14","date_gmt":"2019-02-20T10:56:14","guid":{"rendered":"http:\/\/produire-en-nouvelle-aquitaine.org\/?p=719"},"modified":"2019-02-20T12:12:22","modified_gmt":"2019-02-20T11:12:22","slug":"la-plage-desmeraldas-de-patrice-raynal-selectionne-au-cinema-du-reel","status":"publish","type":"post","link":"https:\/\/produire-en-nouvelle-aquitaine.org\/index.php\/2019\/02\/20\/la-plage-desmeraldas-de-patrice-raynal-selectionne-au-cinema-du-reel\/","title":{"rendered":"La Plage d&rsquo;Esmeraldas de Patrice Raynal s\u00e9lectionn\u00e9 au Cin\u00e9ma du R\u00e9el !"},"content":{"rendered":"<p><img loading=\"lazy\" decoding=\"async\" class=\"alignnone wp-image-720\" src=\"http:\/\/produire-en-nouvelle-aquitaine.org\/wp-content\/uploads\/2019\/02\/Capture-d\u2019e\u0301cran-2019-02-20-a\u0300-11.54.18-300x159.png\" alt=\"\" width=\"397\" height=\"209\" \/><\/p>\n<p>Le documentaire<strong><span style=\"color: #ff6600;\"><em> La Plage d&rsquo;Esmeraldas\u00a0<\/em><\/span>de Patrice Raynal <\/strong>(55&prime;, 2019) sera pr\u00e9sent\u00e9 en premi\u00e8re mondiale au Cin\u00e9ma du R\u00e9el \u00e0 Paris ! Il a \u00e9t\u00e9 s\u00e9lectionn\u00e9 en cat\u00e9gorie Court-M\u00e9trage dans la comp\u00e9tition fran\u00e7aise.<\/p>\n<p>Retrouvez toute la s\u00e9lection du Festival\u00a0<a href=\"http:\/\/www.cinemadureel.org\/actualite\/les-films-de-la-competition\/\">ici !<\/a><\/p>\n<p>Le film : Dans l&rsquo;Equateur d&rsquo;aujourd&rsquo;hui, la population noire issue de l&rsquo;esclavage subit toujours une forte discrimination sociale. Pourtant certaines personnes de la communaute\u0301 s&rsquo;attachent a\u0300 valoriser leur culture spe\u0301cifique et transmettre la me\u0301moire rebelle de leurs ance\u0302tres qui ont toujours lutte\u0301 pour la liberte\u0301.<\/p>\n<p>&nbsp;<\/p>\n<p>&nbsp;<\/p>\n","protected":false},"excerpt":{"rendered":"<p>Le documentaire La Plage d&rsquo;Esmeraldas\u00a0de Patrice Raynal (55&prime;, 2019) sera pr\u00e9sent\u00e9 en premi\u00e8re mondiale au Cin\u00e9ma du R\u00e9el \u00e0 Paris ! Il a \u00e9t\u00e9 s\u00e9lectionn\u00e9 en cat\u00e9gorie Court-M\u00e9trage dans la comp\u00e9tition fran\u00e7aise. Retrouvez toute la s\u00e9lection du Festival\u00a0ici ! Le film : Dans l&rsquo;Equateur d&rsquo;aujourd&rsquo;hui, la population noire issue de l&rsquo;esclavage subit toujours une forte&hellip; <a href=\"https:\/\/produire-en-nouvelle-aquitaine.org\/index.php\/2019\/02\/20\/la-plage-desmeraldas-de-patrice-raynal-selectionne-au-cinema-du-reel\/\" class=\"more-link\">Lire la suite <span class=\"screen-reader-text\">La Plage d&rsquo;Esmeraldas de Patrice Raynal s\u00e9lectionn\u00e9 au Cin\u00e9ma du R\u00e9el !<\/span><\/a><\/p>\n","protected":false},"author":1,"featured_media":0,"comment_status":"closed","ping_status":"closed","sticky":false,"template":"","format":"standard","meta":{"footnotes":""},"categories":[3],"tags":[],"_links":{"self":[{"href":"https:\/\/produire-en-nouvelle-aquitaine.org\/index.php\/wp-json\/wp\/v2\/posts\/719"}],"collection":[{"href":"https:\/\/produire-en-nouvelle-aquitaine.org\/index.php\/wp-json\/wp\/v2\/posts"}],"about":[{"href":"https:\/\/produire-en-nouvelle-aquitaine.org\/index.php\/wp-json\/wp\/v2\/types\/post"}],"author":[{"embeddable":true,"href":"https:\/\/produire-en-nouvelle-aquitaine.org\/index.php\/wp-json\/wp\/v2\/users\/1"}],"replies":[{"embeddable":true,"href":"https:\/\/produire-en-nouvelle-aquitaine.org\/index.php\/wp-json\/wp\/v2\/comments?post=719"}],"version-history":[{"count":3,"href":"https:\/\/produire-en-nouvelle-aquitaine.org\/index.php\/wp-json\/wp\/v2\/posts\/719\/revisions"}],"predecessor-version":[{"id":723,"href":"https:\/\/produire-en-nouvelle-aquitaine.org\/index.php\/wp-json\/wp\/v2\/posts\/719\/revisions\/723"}],"wp:attachment":[{"href":"https:\/\/produire-en-nouvelle-aquitaine.org\/index.php\/wp-json\/wp\/v2\/media?parent=719"}],"wp:term":[{"taxonomy":"category","embeddable":true,"href":"https:\/\/produire-en-nouvelle-aquitaine.org\/index.php\/wp-json\/wp\/v2\/categories?post=719"},{"taxonomy":"post_tag","embeddable":true,"href":"https:\/\/produire-en-nouvelle-aquitaine.org\/index.php\/wp-json\/wp\/v2\/tags?post=719"}],"curies":[{"name":"wp","href":"https:\/\/api.w.org\/{rel}","templated":true}]}}