{"id":678,"date":"2019-02-19T14:57:09","date_gmt":"2019-02-19T13:57:09","guid":{"rendered":"http:\/\/produire-en-nouvelle-aquitaine.org\/?p=678"},"modified":"2019-02-19T16:45:43","modified_gmt":"2019-02-19T15:45:43","slug":"meurs-monstre-meurs-de-alejandro-fadel-en-salles-le-1er-mai-2019","status":"publish","type":"post","link":"https:\/\/produire-en-nouvelle-aquitaine.org\/index.php\/2019\/02\/19\/meurs-monstre-meurs-de-alejandro-fadel-en-salles-le-1er-mai-2019\/","title":{"rendered":"Meurs, monstre, Meurs de Alejandro Fadel, en salles le 1er mai 2019"},"content":{"rendered":"<p><img loading=\"lazy\" decoding=\"async\" class=\"alignnone size-medium wp-image-680\" src=\"http:\/\/produire-en-nouvelle-aquitaine.org\/wp-content\/uploads\/2019\/02\/ImageUFO-2-300x127.jpeg\" alt=\"\" width=\"300\" height=\"127\" srcset=\"https:\/\/produire-en-nouvelle-aquitaine.org\/wp-content\/uploads\/2019\/02\/ImageUFO-2-300x127.jpeg 300w, https:\/\/produire-en-nouvelle-aquitaine.org\/wp-content\/uploads\/2019\/02\/ImageUFO-2.jpeg 320w\" sizes=\"(max-width: 300px) 100vw, 300px\" \/><\/p>\n<p>Apr\u00e8s sa nomination en s\u00e9lection officielle \u00ab\u00a0Un Certain Regard\u00a0\u00bb au Festival de Cannes en 2018, le long-m\u00e9trage d\u2019Alejandro Fadel <strong><em><span style=\"color: #0000ff;\">Meurs, Monstre, Meurs<\/span><\/em><\/strong>, produit par Uproduction, a \u00e9t\u00e9 s\u00e9lectionn\u00e9 dans pas moins de cinq festivals depuis le d\u00e9but de l\u2019ann\u00e9e 2019.<\/p>\n<ul>\n<li><strong>International Film Festival de Rotterdam<\/strong> <strong>2019<\/strong>\u00a0dans la cat\u00e9gorie \u00ab\u00a0Voices\u00a0\u00bb\u00a0: du 23 janvier au 3 f\u00e9vrier 2019.<\/li>\n<li><strong>G\u00f6teborg International Film Festival 2019<\/strong> en Su\u00e8de\u00a0: du 25 janvier au 4 f\u00e9vrier 2019<\/li>\n<li><strong>Festival du Film Fantastique de G\u00e9rardmer<\/strong> a accueilli le film dans la cat\u00e9gorie hors-comp\u00e9tition\u00a0: du 30 janvier au 3 f\u00e9vrier 2019<\/li>\n<li><strong>Festival M\u00eame pas Peur de la R\u00e9union\u00a0<\/strong>: du 20 au 23 f\u00e9vrier<\/li>\n<li><strong>Istanbul International Film Festival 2019\u00a0<\/strong>: du 5 avril au 16 avril 2019.<\/li>\n<\/ul>\n<p>Le film,\u00a0distribu\u00e9 par UFO, sortira en salles le 1<sup>er<\/sup>\u00a0mai 2019.<\/p>\n<p>Il est produit par La Union de los Rios, Rouge International, Uproduction et Cinestacion.<\/p>\n<p>&nbsp;<\/p>\n","protected":false},"excerpt":{"rendered":"<p>Apr\u00e8s sa nomination en s\u00e9lection officielle \u00ab\u00a0Un Certain Regard\u00a0\u00bb au Festival de Cannes en 2018, le long-m\u00e9trage d\u2019Alejandro Fadel Meurs, Monstre, Meurs, produit par Uproduction, a \u00e9t\u00e9 s\u00e9lectionn\u00e9 dans pas moins de cinq festivals depuis le d\u00e9but de l\u2019ann\u00e9e 2019. International Film Festival de Rotterdam 2019\u00a0dans la cat\u00e9gorie \u00ab\u00a0Voices\u00a0\u00bb\u00a0: du 23 janvier au 3 f\u00e9vrier&hellip; <a href=\"https:\/\/produire-en-nouvelle-aquitaine.org\/index.php\/2019\/02\/19\/meurs-monstre-meurs-de-alejandro-fadel-en-salles-le-1er-mai-2019\/\" class=\"more-link\">Lire la suite <span class=\"screen-reader-text\">Meurs, monstre, Meurs de Alejandro Fadel, en salles le 1er mai 2019<\/span><\/a><\/p>\n","protected":false},"author":1,"featured_media":0,"comment_status":"closed","ping_status":"closed","sticky":false,"template":"","format":"standard","meta":{"footnotes":""},"categories":[6],"tags":[],"_links":{"self":[{"href":"https:\/\/produire-en-nouvelle-aquitaine.org\/index.php\/wp-json\/wp\/v2\/posts\/678"}],"collection":[{"href":"https:\/\/produire-en-nouvelle-aquitaine.org\/index.php\/wp-json\/wp\/v2\/posts"}],"about":[{"href":"https:\/\/produire-en-nouvelle-aquitaine.org\/index.php\/wp-json\/wp\/v2\/types\/post"}],"author":[{"embeddable":true,"href":"https:\/\/produire-en-nouvelle-aquitaine.org\/index.php\/wp-json\/wp\/v2\/users\/1"}],"replies":[{"embeddable":true,"href":"https:\/\/produire-en-nouvelle-aquitaine.org\/index.php\/wp-json\/wp\/v2\/comments?post=678"}],"version-history":[{"count":4,"href":"https:\/\/produire-en-nouvelle-aquitaine.org\/index.php\/wp-json\/wp\/v2\/posts\/678\/revisions"}],"predecessor-version":[{"id":695,"href":"https:\/\/produire-en-nouvelle-aquitaine.org\/index.php\/wp-json\/wp\/v2\/posts\/678\/revisions\/695"}],"wp:attachment":[{"href":"https:\/\/produire-en-nouvelle-aquitaine.org\/index.php\/wp-json\/wp\/v2\/media?parent=678"}],"wp:term":[{"taxonomy":"category","embeddable":true,"href":"https:\/\/produire-en-nouvelle-aquitaine.org\/index.php\/wp-json\/wp\/v2\/categories?post=678"},{"taxonomy":"post_tag","embeddable":true,"href":"https:\/\/produire-en-nouvelle-aquitaine.org\/index.php\/wp-json\/wp\/v2\/tags?post=678"}],"curies":[{"name":"wp","href":"https:\/\/api.w.org\/{rel}","templated":true}]}}