{"id":637,"date":"2019-02-15T15:18:34","date_gmt":"2019-02-15T14:18:34","guid":{"rendered":"http:\/\/produire-en-nouvelle-aquitaine.org\/?p=637"},"modified":"2019-02-15T15:20:47","modified_gmt":"2019-02-15T14:20:47","slug":"lendemains-incertains","status":"publish","type":"post","link":"https:\/\/produire-en-nouvelle-aquitaine.org\/index.php\/2019\/02\/15\/lendemains-incertains\/","title":{"rendered":"Lendemains incertains d&rsquo;Eddy Munyaneza"},"content":{"rendered":"<p><img loading=\"lazy\" decoding=\"async\" class=\"alignnone size-medium wp-image-638\" src=\"http:\/\/produire-en-nouvelle-aquitaine.org\/wp-content\/uploads\/2019\/02\/Affiche_Lendemains-Incertains-200x300.jpg\" alt=\"\" width=\"200\" height=\"300\" srcset=\"https:\/\/produire-en-nouvelle-aquitaine.org\/wp-content\/uploads\/2019\/02\/Affiche_Lendemains-Incertains-200x300.jpg 200w, https:\/\/produire-en-nouvelle-aquitaine.org\/wp-content\/uploads\/2019\/02\/Affiche_Lendemains-Incertains-768x1152.jpg 768w, https:\/\/produire-en-nouvelle-aquitaine.org\/wp-content\/uploads\/2019\/02\/Affiche_Lendemains-Incertains-683x1024.jpg 683w, https:\/\/produire-en-nouvelle-aquitaine.org\/wp-content\/uploads\/2019\/02\/Affiche_Lendemains-Incertains-1320x1980.jpg 1320w\" sizes=\"(max-width: 200px) 100vw, 200px\" \/><\/p>\n<p><span style=\"color: #0000ff;\">Le documentaire Lendemains incertains<\/span> d&rsquo;Eddy Munyaneza sera programm\u00e9, en pr\u00e9sence\u00a0du r\u00e9alisateur, au cin\u00e9ma Utopia (Bordeaux) le jeudi 28 mars 2019 dans le cadre de la 4e semaine des Afriques, et \u00e0 Saintes au cin\u00e9ma Gallia le 29 mars.<\/p>\n<p>Il est en outre en comp\u00e9tition au Festival Millenium \u00e0 Bruxelles (Belgique) du 22 au 30 mars.<\/p>\n<p>Eddy Munyaneza est invit\u00e9 au Festival international sur les Droits Humains de Gen\u00e8ve (Suisse. Il y \u00e9voquera son travail de cin\u00e9aste en zone de conflit le samedi 9 mars.<\/p>\n<p>Regardez le trailer du film\u00a0<a href=\"https:\/\/vimeo.com\/199454685\">l\u00e0 !<\/a><\/p>\n<p><span style=\"color: #0000ff;\">Lendemain incertains<\/span> est produit par Vraivrai Films, en coproduction avec Traces du Sud &#8211; S\u00e9n\u00e9gal, Grands Lacs TV &#8211; Burundi, N\u00e9on Rouge &#8211; Belgique, TV Rennes 35 Bretagne, RTBF, avec la participation du CNC, de la r\u00e9gion Nouvelle-Aquitaine et du d\u00e9partement de la Charente-Maritime, de la Procirep-Soci\u00e9t\u00e9 des producteurs et de l&rsquo;Angoa, de la F\u00e9d\u00e9ration Wallonie-Bruxelles.<\/p>\n<p>&nbsp;<\/p>\n","protected":false},"excerpt":{"rendered":"<p>Le documentaire Lendemains incertains d&rsquo;Eddy Munyaneza sera programm\u00e9, en pr\u00e9sence\u00a0du r\u00e9alisateur, au cin\u00e9ma Utopia (Bordeaux) le jeudi 28 mars 2019 dans le cadre de la 4e semaine des Afriques, et \u00e0 Saintes au cin\u00e9ma Gallia le 29 mars. Il est en outre en comp\u00e9tition au Festival Millenium \u00e0 Bruxelles (Belgique) du 22 au 30 mars.&hellip; <a href=\"https:\/\/produire-en-nouvelle-aquitaine.org\/index.php\/2019\/02\/15\/lendemains-incertains\/\" class=\"more-link\">Lire la suite <span class=\"screen-reader-text\">Lendemains incertains d&rsquo;Eddy Munyaneza<\/span><\/a><\/p>\n","protected":false},"author":1,"featured_media":0,"comment_status":"closed","ping_status":"closed","sticky":false,"template":"","format":"standard","meta":{"footnotes":""},"categories":[6],"tags":[],"_links":{"self":[{"href":"https:\/\/produire-en-nouvelle-aquitaine.org\/index.php\/wp-json\/wp\/v2\/posts\/637"}],"collection":[{"href":"https:\/\/produire-en-nouvelle-aquitaine.org\/index.php\/wp-json\/wp\/v2\/posts"}],"about":[{"href":"https:\/\/produire-en-nouvelle-aquitaine.org\/index.php\/wp-json\/wp\/v2\/types\/post"}],"author":[{"embeddable":true,"href":"https:\/\/produire-en-nouvelle-aquitaine.org\/index.php\/wp-json\/wp\/v2\/users\/1"}],"replies":[{"embeddable":true,"href":"https:\/\/produire-en-nouvelle-aquitaine.org\/index.php\/wp-json\/wp\/v2\/comments?post=637"}],"version-history":[{"count":2,"href":"https:\/\/produire-en-nouvelle-aquitaine.org\/index.php\/wp-json\/wp\/v2\/posts\/637\/revisions"}],"predecessor-version":[{"id":643,"href":"https:\/\/produire-en-nouvelle-aquitaine.org\/index.php\/wp-json\/wp\/v2\/posts\/637\/revisions\/643"}],"wp:attachment":[{"href":"https:\/\/produire-en-nouvelle-aquitaine.org\/index.php\/wp-json\/wp\/v2\/media?parent=637"}],"wp:term":[{"taxonomy":"category","embeddable":true,"href":"https:\/\/produire-en-nouvelle-aquitaine.org\/index.php\/wp-json\/wp\/v2\/categories?post=637"},{"taxonomy":"post_tag","embeddable":true,"href":"https:\/\/produire-en-nouvelle-aquitaine.org\/index.php\/wp-json\/wp\/v2\/tags?post=637"}],"curies":[{"name":"wp","href":"https:\/\/api.w.org\/{rel}","templated":true}]}}