{"id":627,"date":"2019-02-15T15:09:23","date_gmt":"2019-02-15T14:09:23","guid":{"rendered":"http:\/\/produire-en-nouvelle-aquitaine.org\/?p=627"},"modified":"2019-02-15T15:09:23","modified_gmt":"2019-02-15T14:09:23","slug":"documentaires-de-vraivrai-films-en-salle-les-dates-a-retenir","status":"publish","type":"post","link":"https:\/\/produire-en-nouvelle-aquitaine.org\/index.php\/2019\/02\/15\/documentaires-de-vraivrai-films-en-salle-les-dates-a-retenir\/","title":{"rendered":"Documentaires de Vraivrai Films en salle, les dates \u00e0 retenir"},"content":{"rendered":"<p>&nbsp;<\/p>\n<table style=\"height: 52px;\" width=\"1011\">\n<tbody>\n<tr>\n<td style=\"width: 330.667px;\"><img loading=\"lazy\" decoding=\"async\" class=\"wp-image-628 aligncenter\" src=\"http:\/\/produire-en-nouvelle-aquitaine.org\/wp-content\/uploads\/2019\/02\/affiche_TDV-213x300.jpg\" alt=\"\" width=\"330\" height=\"464\" srcset=\"https:\/\/produire-en-nouvelle-aquitaine.org\/wp-content\/uploads\/2019\/02\/affiche_TDV-213x300.jpg 213w, https:\/\/produire-en-nouvelle-aquitaine.org\/wp-content\/uploads\/2019\/02\/affiche_TDV-768x1080.jpg 768w, https:\/\/produire-en-nouvelle-aquitaine.org\/wp-content\/uploads\/2019\/02\/affiche_TDV-728x1024.jpg 728w, https:\/\/produire-en-nouvelle-aquitaine.org\/wp-content\/uploads\/2019\/02\/affiche_TDV-1320x1856.jpg 1320w\" sizes=\"(max-width: 330px) 100vw, 330px\" \/><\/td>\n<td style=\"width: 330.667px;\"><img loading=\"lazy\" decoding=\"async\" class=\"alignnone wp-image-629\" src=\"http:\/\/produire-en-nouvelle-aquitaine.org\/wp-content\/uploads\/2019\/02\/Colere-Affiche-200x300.png\" alt=\"\" width=\"335\" height=\"502\" srcset=\"https:\/\/produire-en-nouvelle-aquitaine.org\/wp-content\/uploads\/2019\/02\/Colere-Affiche-200x300.png 200w, https:\/\/produire-en-nouvelle-aquitaine.org\/wp-content\/uploads\/2019\/02\/Colere-Affiche-768x1152.png 768w, https:\/\/produire-en-nouvelle-aquitaine.org\/wp-content\/uploads\/2019\/02\/Colere-Affiche-683x1024.png 683w, https:\/\/produire-en-nouvelle-aquitaine.org\/wp-content\/uploads\/2019\/02\/Colere-Affiche-1320x1980.png 1320w\" sizes=\"(max-width: 335px) 100vw, 335px\" \/><\/td>\n<td style=\"width: 332px;\"><img loading=\"lazy\" decoding=\"async\" class=\"alignnone wp-image-630\" src=\"http:\/\/produire-en-nouvelle-aquitaine.org\/wp-content\/uploads\/2019\/02\/VivreRiche-Affiche-low-200x300.jpg\" alt=\"\" width=\"332\" height=\"497\" srcset=\"https:\/\/produire-en-nouvelle-aquitaine.org\/wp-content\/uploads\/2019\/02\/VivreRiche-Affiche-low-200x300.jpg 200w, https:\/\/produire-en-nouvelle-aquitaine.org\/wp-content\/uploads\/2019\/02\/VivreRiche-Affiche-low-768x1152.jpg 768w, https:\/\/produire-en-nouvelle-aquitaine.org\/wp-content\/uploads\/2019\/02\/VivreRiche-Affiche-low-683x1024.jpg 683w, https:\/\/produire-en-nouvelle-aquitaine.org\/wp-content\/uploads\/2019\/02\/VivreRiche-Affiche-low-1320x1980.jpg 1320w\" sizes=\"(max-width: 332px) 100vw, 332px\" \/><\/td>\n<\/tr>\n<tr>\n<td style=\"width: 330.667px;\"><em><span style=\"color: #ff6600;\">Trait de vie<\/span><\/em> de Sophie Arlot et Fabien Rabin :<\/p>\n<ul class=\"ul1\">\n<li class=\"li1\"><span class=\"s2\">Malicornes (72) \u2013\u00a0La Boule d\u2019Or \/ Ma. 26 f\u00e9v. \u00e0 20h<\/span><\/li>\n<li class=\"li1\"><span class=\"s2\">Filinges (74) \/ Ecomus\u00e9e Paysalp \u2013 Salle cin\u00e9ma \/ Jeu. 28 f\u00e9v. \u00e0 20h30*<\/span><\/li>\n<li class=\"li1\"><span class=\"s2\">Aunay-sur-Odon (14) \/ Cin\u00e9ma Paradiso \/ Ven. 1er mars<\/span><\/li>\n<li class=\"li1\"><span class=\"s2\">Chamb\u00e9ry (73) \/ Cin\u00e9ma Forum \/ Sam. 9 mars<\/span><\/li>\n<li class=\"li1\"><span class=\"s2\">Li\u00e8ge &#8211; Belgique \/ Cin\u00e9ma Le Churchill \/ Lun. 25 mars<\/span><\/li>\n<\/ul>\n<p>&gt;&gt;Toutes les infos sur le film\u00a0<span style=\"color: #ff6600;\"><a style=\"color: #ff6600;\" href=\"http:\/\/vraivrai-films.fr\/catalogue\/trait-de-vie\">l\u00e0 !<\/a><\/span><\/td>\n<td style=\"width: 330.667px;\">\n<p style=\"text-align: left;\"><em><span style=\"color: #ff6600;\">La Col\u00e8re dans le vent<\/span><\/em> d&rsquo;Amina Weira :<\/p>\n<ul style=\"text-align: left;\">\n<li>Festival Alt\u00e9rit\u00e9s, Sam. 16 mars \u00e0 la Biblioth\u00e8que Alexis-de-Tocqueville \u00e0 Caen (14)<\/li>\n<\/ul>\n<p style=\"text-align: left;\">&gt;&gt;Toutes les infos sur le film\u00a0<span style=\"color: #ff6600;\"><a style=\"color: #ff6600;\" href=\"http:\/\/vraivrai-films.fr\/catalogue\/la-colere-dans-le-vent\">l\u00e0 !<\/a><\/span><\/p>\n<\/td>\n<td style=\"width: 332px;\"><span style=\"color: #ff6600;\">Vivre riche<\/span> de Jo\u00ebl Akafou :<\/p>\n<ul>\n<li>Rai Film Festival, 27-30 mars, Bristol (RU)<\/li>\n<li>New African Film Festival, 7-17 mars, Washington DC (EU)<\/li>\n<\/ul>\n<p>&gt;&gt;Toutes les infos sur le film\u00a0<span style=\"color: #ff6600;\"><a style=\"color: #ff6600;\" href=\"http:\/\/vraivrai-films.fr\/catalogue\/vivre-riche\">l\u00e0 !<\/a><\/span><\/td>\n<\/tr>\n<\/tbody>\n<\/table>\n<p>&nbsp;<\/p>\n","protected":false},"excerpt":{"rendered":"<p>&nbsp; Trait de vie de Sophie Arlot et Fabien Rabin : Malicornes (72) \u2013\u00a0La Boule d\u2019Or \/ Ma. 26 f\u00e9v. \u00e0 20h Filinges (74) \/ Ecomus\u00e9e Paysalp \u2013 Salle cin\u00e9ma \/ Jeu. 28 f\u00e9v. \u00e0 20h30* Aunay-sur-Odon (14) \/ Cin\u00e9ma Paradiso \/ Ven. 1er mars Chamb\u00e9ry (73) \/ Cin\u00e9ma Forum \/ Sam. 9 mars Li\u00e8ge&hellip; <a href=\"https:\/\/produire-en-nouvelle-aquitaine.org\/index.php\/2019\/02\/15\/documentaires-de-vraivrai-films-en-salle-les-dates-a-retenir\/\" class=\"more-link\">Lire la suite <span class=\"screen-reader-text\">Documentaires de Vraivrai Films en salle, les dates \u00e0 retenir<\/span><\/a><\/p>\n","protected":false},"author":1,"featured_media":0,"comment_status":"closed","ping_status":"closed","sticky":false,"template":"","format":"standard","meta":{"footnotes":""},"categories":[3],"tags":[],"_links":{"self":[{"href":"https:\/\/produire-en-nouvelle-aquitaine.org\/index.php\/wp-json\/wp\/v2\/posts\/627"}],"collection":[{"href":"https:\/\/produire-en-nouvelle-aquitaine.org\/index.php\/wp-json\/wp\/v2\/posts"}],"about":[{"href":"https:\/\/produire-en-nouvelle-aquitaine.org\/index.php\/wp-json\/wp\/v2\/types\/post"}],"author":[{"embeddable":true,"href":"https:\/\/produire-en-nouvelle-aquitaine.org\/index.php\/wp-json\/wp\/v2\/users\/1"}],"replies":[{"embeddable":true,"href":"https:\/\/produire-en-nouvelle-aquitaine.org\/index.php\/wp-json\/wp\/v2\/comments?post=627"}],"version-history":[{"count":6,"href":"https:\/\/produire-en-nouvelle-aquitaine.org\/index.php\/wp-json\/wp\/v2\/posts\/627\/revisions"}],"predecessor-version":[{"id":636,"href":"https:\/\/produire-en-nouvelle-aquitaine.org\/index.php\/wp-json\/wp\/v2\/posts\/627\/revisions\/636"}],"wp:attachment":[{"href":"https:\/\/produire-en-nouvelle-aquitaine.org\/index.php\/wp-json\/wp\/v2\/media?parent=627"}],"wp:term":[{"taxonomy":"category","embeddable":true,"href":"https:\/\/produire-en-nouvelle-aquitaine.org\/index.php\/wp-json\/wp\/v2\/categories?post=627"},{"taxonomy":"post_tag","embeddable":true,"href":"https:\/\/produire-en-nouvelle-aquitaine.org\/index.php\/wp-json\/wp\/v2\/tags?post=627"}],"curies":[{"name":"wp","href":"https:\/\/api.w.org\/{rel}","templated":true}]}}