{"id":623,"date":"2019-02-15T14:45:31","date_gmt":"2019-02-15T13:45:31","guid":{"rendered":"http:\/\/produire-en-nouvelle-aquitaine.org\/?p=623"},"modified":"2019-02-15T15:20:14","modified_gmt":"2019-02-15T14:20:14","slug":"jess-vent-de-face","status":"publish","type":"post","link":"https:\/\/produire-en-nouvelle-aquitaine.org\/index.php\/2019\/02\/15\/jess-vent-de-face\/","title":{"rendered":"Jess, vent de face de Sophie Glanddier"},"content":{"rendered":"<p><img loading=\"lazy\" decoding=\"async\" class=\"alignnone size-medium wp-image-624\" src=\"http:\/\/produire-en-nouvelle-aquitaine.org\/wp-content\/uploads\/2019\/02\/JessVdF_affiche-224x300.jpg\" alt=\"\" width=\"224\" height=\"300\" srcset=\"https:\/\/produire-en-nouvelle-aquitaine.org\/wp-content\/uploads\/2019\/02\/JessVdF_affiche-224x300.jpg 224w, https:\/\/produire-en-nouvelle-aquitaine.org\/wp-content\/uploads\/2019\/02\/JessVdF_affiche-768x1030.jpg 768w, https:\/\/produire-en-nouvelle-aquitaine.org\/wp-content\/uploads\/2019\/02\/JessVdF_affiche-764x1024.jpg 764w, https:\/\/produire-en-nouvelle-aquitaine.org\/wp-content\/uploads\/2019\/02\/JessVdF_affiche-1320x1769.jpg 1320w, https:\/\/produire-en-nouvelle-aquitaine.org\/wp-content\/uploads\/2019\/02\/JessVdF_affiche.jpg 2000w\" sizes=\"(max-width: 224px) 100vw, 224px\" \/><\/p>\n<p>Le court-m\u00e9trage documentaire <span style=\"color: #ff6600;\">Jess, vent de face<\/span> de Sophie Glanddier (56 minutes, 2019), dont la premi\u00e8re a eu lieu au festival de Poitiers Filmer le travail dans le cadre de la comp\u00e9tition internationale, est programm\u00e9 en comp\u00e9tition \u00e0 Marseille au festival Premi\u00e8re fois. I<span class=\"s1\">l y sera projet\u00e9 le 27 f\u00e9vrier \u00e0 21h au Vid\u00e9odrome 2 et\u00a0le 2\u00a0mars \u00e0 la Basserie Communale.<\/span><\/p>\n<p>Jessica, 26 ans, sans dipl\u00f4me, sans argent, sans filet, sans travail, essaie de prendre son envol. Seulement \u00e9paul\u00e9e par son chien Zizi, depuis la cuisine de sa m\u00e8re, elle lutte pour s&rsquo;\u00e9manciper au coeur du quartier HLM \u201cChamps de Manoeuvres\u201d en p\u00e9riph\u00e9rie d\u2019Angoul\u00eame.<\/p>\n<p class=\"p1\"><span class=\"s1\">La production de ce\u00a0film a b\u00e9n\u00e9fici\u00e9 du soutien du\u00a0d\u00e9partement de la Charente et de la r\u00e9gion Nouvelle-Aquitaine, en partenariat avec le CNC.<\/span><\/p>\n","protected":false},"excerpt":{"rendered":"<p>Le court-m\u00e9trage documentaire Jess, vent de face de Sophie Glanddier (56 minutes, 2019), dont la premi\u00e8re a eu lieu au festival de Poitiers Filmer le travail dans le cadre de la comp\u00e9tition internationale, est programm\u00e9 en comp\u00e9tition \u00e0 Marseille au festival Premi\u00e8re fois. Il y sera projet\u00e9 le 27 f\u00e9vrier \u00e0 21h au Vid\u00e9odrome 2&hellip; <a href=\"https:\/\/produire-en-nouvelle-aquitaine.org\/index.php\/2019\/02\/15\/jess-vent-de-face\/\" class=\"more-link\">Lire la suite <span class=\"screen-reader-text\">Jess, vent de face de Sophie Glanddier<\/span><\/a><\/p>\n","protected":false},"author":1,"featured_media":0,"comment_status":"closed","ping_status":"closed","sticky":false,"template":"","format":"standard","meta":{"footnotes":""},"categories":[6],"tags":[],"_links":{"self":[{"href":"https:\/\/produire-en-nouvelle-aquitaine.org\/index.php\/wp-json\/wp\/v2\/posts\/623"}],"collection":[{"href":"https:\/\/produire-en-nouvelle-aquitaine.org\/index.php\/wp-json\/wp\/v2\/posts"}],"about":[{"href":"https:\/\/produire-en-nouvelle-aquitaine.org\/index.php\/wp-json\/wp\/v2\/types\/post"}],"author":[{"embeddable":true,"href":"https:\/\/produire-en-nouvelle-aquitaine.org\/index.php\/wp-json\/wp\/v2\/users\/1"}],"replies":[{"embeddable":true,"href":"https:\/\/produire-en-nouvelle-aquitaine.org\/index.php\/wp-json\/wp\/v2\/comments?post=623"}],"version-history":[{"count":3,"href":"https:\/\/produire-en-nouvelle-aquitaine.org\/index.php\/wp-json\/wp\/v2\/posts\/623\/revisions"}],"predecessor-version":[{"id":642,"href":"https:\/\/produire-en-nouvelle-aquitaine.org\/index.php\/wp-json\/wp\/v2\/posts\/623\/revisions\/642"}],"wp:attachment":[{"href":"https:\/\/produire-en-nouvelle-aquitaine.org\/index.php\/wp-json\/wp\/v2\/media?parent=623"}],"wp:term":[{"taxonomy":"category","embeddable":true,"href":"https:\/\/produire-en-nouvelle-aquitaine.org\/index.php\/wp-json\/wp\/v2\/categories?post=623"},{"taxonomy":"post_tag","embeddable":true,"href":"https:\/\/produire-en-nouvelle-aquitaine.org\/index.php\/wp-json\/wp\/v2\/tags?post=623"}],"curies":[{"name":"wp","href":"https:\/\/api.w.org\/{rel}","templated":true}]}}