{"id":620,"date":"2019-02-15T14:16:44","date_gmt":"2019-02-15T13:16:44","guid":{"rendered":"http:\/\/produire-en-nouvelle-aquitaine.org\/?p=620"},"modified":"2019-02-15T14:16:53","modified_gmt":"2019-02-15T13:16:53","slug":"comme-un-pays-independant-de-renaud-fely","status":"publish","type":"post","link":"https:\/\/produire-en-nouvelle-aquitaine.org\/index.php\/2019\/02\/15\/comme-un-pays-independant-de-renaud-fely\/","title":{"rendered":"Comme un pays ind\u00e9pendant de Renaud F\u00e9ly"},"content":{"rendered":"<p><img loading=\"lazy\" decoding=\"async\" class=\"alignnone size-medium wp-image-621\" src=\"http:\/\/produire-en-nouvelle-aquitaine.org\/wp-content\/uploads\/2019\/02\/Comme-un-pays-inde\u0301pendant-Visuel-Avt-1e\u0300re-Cine\u0301mathe\u0300que-300x167.jpg\" alt=\"\" width=\"300\" height=\"167\" srcset=\"https:\/\/produire-en-nouvelle-aquitaine.org\/wp-content\/uploads\/2019\/02\/Comme-un-pays-inde\u0301pendant-Visuel-Avt-1e\u0300re-Cine\u0301mathe\u0300que-300x167.jpg 300w, https:\/\/produire-en-nouvelle-aquitaine.org\/wp-content\/uploads\/2019\/02\/Comme-un-pays-inde\u0301pendant-Visuel-Avt-1e\u0300re-Cine\u0301mathe\u0300que-768x428.jpg 768w, https:\/\/produire-en-nouvelle-aquitaine.org\/wp-content\/uploads\/2019\/02\/Comme-un-pays-inde\u0301pendant-Visuel-Avt-1e\u0300re-Cine\u0301mathe\u0300que.jpg 866w\" sizes=\"(max-width: 300px) 100vw, 300px\" \/><\/p>\n<p>Les Films du Relief annoncent la s\u00e9lection du 9e film produit par leur soci\u00e9t\u00e9, <span style=\"color: #0000ff;\"><em>Comme un pays ind\u00e9pendant,<span style=\"color: #0000ff;\">\u00a0<\/span><\/em><em>Heddy Maalem, chor\u00e9graphe\u00a0<\/em><\/span>de Renaud F\u00e9ly, dans le cadre de la Media Library du Festival international de cin\u00e9ma Visions du R\u00e9el de Nyon (Suisse, 5-13 avril).<\/p>\n<p>Ce documentaire (54&prime;) est un portait du chor\u00e9graphe Heddy Maalem, dont la derni\u00e8re cr\u00e9ation fait le bilan de 25 ann\u00e9es de travail sur la danse et son \u00e9pure. Le film esquisse le retour aux sources d&rsquo;un artiste exil\u00e9 depuis l&rsquo;enfance. Fils de deux terres, il dut quitter l&rsquo;Alg\u00e9rie pendant la guerre, en 1960. Heddy Maalem revient sur cette origine, interroge l&rsquo;avenir et accompagne les premiers pas de danse de son fils Soleymane.<\/p>\n<p>&nbsp;<\/p>\n","protected":false},"excerpt":{"rendered":"<p>Les Films du Relief annoncent la s\u00e9lection du 9e film produit par leur soci\u00e9t\u00e9, Comme un pays ind\u00e9pendant,\u00a0Heddy Maalem, chor\u00e9graphe\u00a0de Renaud F\u00e9ly, dans le cadre de la Media Library du Festival international de cin\u00e9ma Visions du R\u00e9el de Nyon (Suisse, 5-13 avril). Ce documentaire (54&prime;) est un portait du chor\u00e9graphe Heddy Maalem, dont la derni\u00e8re&hellip; <a href=\"https:\/\/produire-en-nouvelle-aquitaine.org\/index.php\/2019\/02\/15\/comme-un-pays-independant-de-renaud-fely\/\" class=\"more-link\">Lire la suite <span class=\"screen-reader-text\">Comme un pays ind\u00e9pendant de Renaud F\u00e9ly<\/span><\/a><\/p>\n","protected":false},"author":1,"featured_media":0,"comment_status":"closed","ping_status":"closed","sticky":false,"template":"","format":"standard","meta":{"footnotes":""},"categories":[6],"tags":[],"_links":{"self":[{"href":"https:\/\/produire-en-nouvelle-aquitaine.org\/index.php\/wp-json\/wp\/v2\/posts\/620"}],"collection":[{"href":"https:\/\/produire-en-nouvelle-aquitaine.org\/index.php\/wp-json\/wp\/v2\/posts"}],"about":[{"href":"https:\/\/produire-en-nouvelle-aquitaine.org\/index.php\/wp-json\/wp\/v2\/types\/post"}],"author":[{"embeddable":true,"href":"https:\/\/produire-en-nouvelle-aquitaine.org\/index.php\/wp-json\/wp\/v2\/users\/1"}],"replies":[{"embeddable":true,"href":"https:\/\/produire-en-nouvelle-aquitaine.org\/index.php\/wp-json\/wp\/v2\/comments?post=620"}],"version-history":[{"count":1,"href":"https:\/\/produire-en-nouvelle-aquitaine.org\/index.php\/wp-json\/wp\/v2\/posts\/620\/revisions"}],"predecessor-version":[{"id":622,"href":"https:\/\/produire-en-nouvelle-aquitaine.org\/index.php\/wp-json\/wp\/v2\/posts\/620\/revisions\/622"}],"wp:attachment":[{"href":"https:\/\/produire-en-nouvelle-aquitaine.org\/index.php\/wp-json\/wp\/v2\/media?parent=620"}],"wp:term":[{"taxonomy":"category","embeddable":true,"href":"https:\/\/produire-en-nouvelle-aquitaine.org\/index.php\/wp-json\/wp\/v2\/categories?post=620"},{"taxonomy":"post_tag","embeddable":true,"href":"https:\/\/produire-en-nouvelle-aquitaine.org\/index.php\/wp-json\/wp\/v2\/tags?post=620"}],"curies":[{"name":"wp","href":"https:\/\/api.w.org\/{rel}","templated":true}]}}