{"id":612,"date":"2019-02-14T12:47:18","date_gmt":"2019-02-14T11:47:18","guid":{"rendered":"http:\/\/produire-en-nouvelle-aquitaine.org\/?p=612"},"modified":"2019-02-15T16:24:06","modified_gmt":"2019-02-15T15:24:06","slug":"nostos-de-cyril-lafon","status":"publish","type":"post","link":"https:\/\/produire-en-nouvelle-aquitaine.org\/index.php\/2019\/02\/14\/nostos-de-cyril-lafon\/","title":{"rendered":"Nostos de Cyril Lafon"},"content":{"rendered":"<p><img loading=\"lazy\" decoding=\"async\" class=\"alignnone wp-image-662 \" src=\"http:\/\/produire-en-nouvelle-aquitaine.org\/wp-content\/uploads\/2019\/02\/668D73B8-6B6A-471C-9F6D-685BBE5361CB-212x300.png\" alt=\"\" width=\"290\" height=\"410\" srcset=\"https:\/\/produire-en-nouvelle-aquitaine.org\/wp-content\/uploads\/2019\/02\/668D73B8-6B6A-471C-9F6D-685BBE5361CB-212x300.png 212w, https:\/\/produire-en-nouvelle-aquitaine.org\/wp-content\/uploads\/2019\/02\/668D73B8-6B6A-471C-9F6D-685BBE5361CB-768x1086.png 768w, https:\/\/produire-en-nouvelle-aquitaine.org\/wp-content\/uploads\/2019\/02\/668D73B8-6B6A-471C-9F6D-685BBE5361CB-724x1024.png 724w, https:\/\/produire-en-nouvelle-aquitaine.org\/wp-content\/uploads\/2019\/02\/668D73B8-6B6A-471C-9F6D-685BBE5361CB-1320x1867.png 1320w\" sizes=\"(max-width: 290px) 100vw, 290px\" \/><\/p>\n<p><span class=\"s1\"><span style=\"color: #ff0000;\"><strong><em>Nostos<\/em><\/strong><\/span>, le documentaire de Cyril Lafon produit par Les Films du temps scell\u00e9 raconte l&rsquo;odyss\u00e9e contemporaine de trois jeunes grecs \u00e0 la fois port\u00e9s et \u00e9cras\u00e9s par un h\u00e9ritage prestigieux, qui font face \u00e0 une crise de la modernit\u00e9. Giorgos et Anna sont partis tenter leur chance \u00e0 l&rsquo;\u00e9tranger. Mais, comme Ulysse, le h\u00e9ros antique, le\u00a0<em>nostos, le retour, les hante.<\/em>\u00a0Dimitris a d\u00e9cid\u00e9, quant \u00e0 lui, de retrouver sa\u00a0terre.\u00a0Il est\u00a0entr\u00e9\u00a0\u00ab\u00a0en r\u00e9sistance\u00a0\u00bb pour d\u00e9fendre sa patrie. Mais la Gr\u00e8ce est-elle encore un pays o\u00f9 l\u2019on peut revenir ?\u00a0<\/span><span class=\"s1\">Pour d\u00e9couvrir le film, rendez-vous au cin\u00e9ma :<\/span><\/p>\n<ul>\n<li class=\"p2\"><span class=\"s1\">mercredi 6 mars \u00e0 20H30 au Cin\u00e9 M \u00e0 Mourenx (64)<\/span><\/li>\n<li class=\"p2\"><span class=\"s1\">dimanche 10 mars \u00e0 18H00 au Cin\u00e9 M \u00e0 Mourenx (64)<\/span><\/li>\n<li class=\"p2\"><span class=\"s1\">-mardi 12 mars \u00e0 14H30 au Cin\u00e9 M \u00e0 Mourenx (64)<\/span><\/li>\n<li class=\"p2\"><span class=\"s1\">jeudi 14 mars \u00e0 15H30 \u00e0 la m\u00e9diath\u00e8que de Biarritz (64)<\/span><\/li>\n<li class=\"p2\"><span class=\"s1\">vendredi 15 mars \u00e0 20H15 au cin\u00e9ma Le Vauban \u00e0 Saint-Malo (35)<\/span><\/li>\n<li class=\"p2\"><span class=\"s1\">jeudi 21 mars \u00e0 20H00 au cinema Le Comoedia \u00e0 Lyon (69)<\/span><\/li>\n<li class=\"p2\"><span class=\"s1\">samedi 23 mars \u00e0 11H15 au cin\u00e9ma Le Comoedia \u00e0 Lyon (69)<\/span><\/li>\n<li class=\"p2\"><span class=\"s1\">samedi 27 avril en fin d\u2019apr\u00e8s-midi \u00e0 la Maison des associations de Nice (06)<\/span><\/li>\n<li class=\"p1\"><span class=\"s1\">dimanche 12 mai \u00e0 18H00 au cin\u00e9ma Le M\u00e9lies \u00e0 Pau (64)<\/span><\/li>\n<li class=\"p1\"><span class=\"s1\">jeudi 23 mai 20H30 au cin\u00e9ma Liberty de\u00a0<\/span><span class=\"s2\">Monsempron-Libos (47)<\/span><\/li>\n<\/ul>\n<p>Bande annonce : <a href=\"https:\/\/vimeo.com\/302045180\">l\u00e0 !<\/a><\/p>\n<p>Avec le soutien de TV7 Bordeaux, la R\u00e9gion Nouvelle-Aquitaine, le CNC et la Procirep-Angoa.<\/p>\n","protected":false},"excerpt":{"rendered":"<p>Nostos, le documentaire de Cyril Lafon produit par Les Films du temps scell\u00e9 raconte l&rsquo;odyss\u00e9e contemporaine de trois jeunes grecs \u00e0 la fois port\u00e9s et \u00e9cras\u00e9s par un h\u00e9ritage prestigieux, qui font face \u00e0 une crise de la modernit\u00e9. Giorgos et Anna sont partis tenter leur chance \u00e0 l&rsquo;\u00e9tranger. Mais, comme Ulysse, le h\u00e9ros antique,&hellip; <a href=\"https:\/\/produire-en-nouvelle-aquitaine.org\/index.php\/2019\/02\/14\/nostos-de-cyril-lafon\/\" class=\"more-link\">Lire la suite <span class=\"screen-reader-text\">Nostos de Cyril Lafon<\/span><\/a><\/p>\n","protected":false},"author":1,"featured_media":0,"comment_status":"closed","ping_status":"closed","sticky":false,"template":"","format":"standard","meta":{"footnotes":""},"categories":[6],"tags":[],"_links":{"self":[{"href":"https:\/\/produire-en-nouvelle-aquitaine.org\/index.php\/wp-json\/wp\/v2\/posts\/612"}],"collection":[{"href":"https:\/\/produire-en-nouvelle-aquitaine.org\/index.php\/wp-json\/wp\/v2\/posts"}],"about":[{"href":"https:\/\/produire-en-nouvelle-aquitaine.org\/index.php\/wp-json\/wp\/v2\/types\/post"}],"author":[{"embeddable":true,"href":"https:\/\/produire-en-nouvelle-aquitaine.org\/index.php\/wp-json\/wp\/v2\/users\/1"}],"replies":[{"embeddable":true,"href":"https:\/\/produire-en-nouvelle-aquitaine.org\/index.php\/wp-json\/wp\/v2\/comments?post=612"}],"version-history":[{"count":5,"href":"https:\/\/produire-en-nouvelle-aquitaine.org\/index.php\/wp-json\/wp\/v2\/posts\/612\/revisions"}],"predecessor-version":[{"id":664,"href":"https:\/\/produire-en-nouvelle-aquitaine.org\/index.php\/wp-json\/wp\/v2\/posts\/612\/revisions\/664"}],"wp:attachment":[{"href":"https:\/\/produire-en-nouvelle-aquitaine.org\/index.php\/wp-json\/wp\/v2\/media?parent=612"}],"wp:term":[{"taxonomy":"category","embeddable":true,"href":"https:\/\/produire-en-nouvelle-aquitaine.org\/index.php\/wp-json\/wp\/v2\/categories?post=612"},{"taxonomy":"post_tag","embeddable":true,"href":"https:\/\/produire-en-nouvelle-aquitaine.org\/index.php\/wp-json\/wp\/v2\/tags?post=612"}],"curies":[{"name":"wp","href":"https:\/\/api.w.org\/{rel}","templated":true}]}}