{"id":607,"date":"2019-02-14T12:15:21","date_gmt":"2019-02-14T11:15:21","guid":{"rendered":"http:\/\/produire-en-nouvelle-aquitaine.org\/?p=607"},"modified":"2019-02-14T12:15:21","modified_gmt":"2019-02-14T11:15:21","slug":"bulles-dair-de-daouda-diakhate","status":"publish","type":"post","link":"https:\/\/produire-en-nouvelle-aquitaine.org\/index.php\/2019\/02\/14\/bulles-dair-de-daouda-diakhate\/","title":{"rendered":"Bulles d&rsquo;air de Daouda Diakhat\u00e9"},"content":{"rendered":"<p><img loading=\"lazy\" decoding=\"async\" class=\"alignnone size-medium wp-image-609\" src=\"http:\/\/produire-en-nouvelle-aquitaine.org\/wp-content\/uploads\/2019\/02\/BDA-300x197.png\" alt=\"\" width=\"300\" height=\"197\" srcset=\"https:\/\/produire-en-nouvelle-aquitaine.org\/wp-content\/uploads\/2019\/02\/BDA-300x197.png 300w, https:\/\/produire-en-nouvelle-aquitaine.org\/wp-content\/uploads\/2019\/02\/BDA-768x506.png 768w, https:\/\/produire-en-nouvelle-aquitaine.org\/wp-content\/uploads\/2019\/02\/BDA.png 1024w\" sizes=\"(max-width: 300px) 100vw, 300px\" \/><\/p>\n<p>Vertical Production produit <strong><em>Bulles d&rsquo;air<\/em><\/strong> de Daouda Diakhat\u00e9, film de fiction de 30&prime;. Grand Prix Cin\u00e9banlieue 2018 et Prix d&rsquo;interpr\u00e9tation masculine pour Mahamadou Coulibaly au m\u00eame festival, Prix \u00e9tudiant de l&rsquo;Universit\u00e9 Paris 13, le film b\u00e9n\u00e9ficie de nouvelles projections dans plusieurs festivals o\u00f9 il est s\u00e9lectionn\u00e9 :<\/p>\n<ul>\n<li><span class=\"s1\">Festival International du Film d&rsquo;Aubagne. Projection le samedi 23 mars \u00e0 13h15<\/span><\/li>\n<li><span class=\"s1\">Festival du Cin\u00e9ma Europ\u00e9en de Lille (8 au 15 mars)<\/span><\/li>\n<li>Cleveland International Film Festival (27 mars au 7 avril)<\/li>\n<\/ul>\n<p>Omar, 30 ans, sort d\u2019un long s\u00e9jour en h\u00f4pital psychiatrique. Il rentre dans le quartier o\u00f9 il vit avec son p\u00e8re et sa petite soeur. La seule chose qui l\u2019int\u00e9resse, c\u2019est d\u2019avoir des nouvelles d\u2019Ania, son ex-petite amie.<\/p>\n<p>Production : Vertical Production, avec le soutien du CNC, de la R\u00e9gion Nouvelle-Aquitaine, de TV7, de l&rsquo;ADAMI.<\/p>\n","protected":false},"excerpt":{"rendered":"<p>Vertical Production produit Bulles d&rsquo;air de Daouda Diakhat\u00e9, film de fiction de 30&prime;. Grand Prix Cin\u00e9banlieue 2018 et Prix d&rsquo;interpr\u00e9tation masculine pour Mahamadou Coulibaly au m\u00eame festival, Prix \u00e9tudiant de l&rsquo;Universit\u00e9 Paris 13, le film b\u00e9n\u00e9ficie de nouvelles projections dans plusieurs festivals o\u00f9 il est s\u00e9lectionn\u00e9 : Festival International du Film d&rsquo;Aubagne. Projection le samedi&hellip; <a href=\"https:\/\/produire-en-nouvelle-aquitaine.org\/index.php\/2019\/02\/14\/bulles-dair-de-daouda-diakhate\/\" class=\"more-link\">Lire la suite <span class=\"screen-reader-text\">Bulles d&rsquo;air de Daouda Diakhat\u00e9<\/span><\/a><\/p>\n","protected":false},"author":1,"featured_media":0,"comment_status":"closed","ping_status":"closed","sticky":false,"template":"","format":"standard","meta":{"footnotes":""},"categories":[6],"tags":[],"_links":{"self":[{"href":"https:\/\/produire-en-nouvelle-aquitaine.org\/index.php\/wp-json\/wp\/v2\/posts\/607"}],"collection":[{"href":"https:\/\/produire-en-nouvelle-aquitaine.org\/index.php\/wp-json\/wp\/v2\/posts"}],"about":[{"href":"https:\/\/produire-en-nouvelle-aquitaine.org\/index.php\/wp-json\/wp\/v2\/types\/post"}],"author":[{"embeddable":true,"href":"https:\/\/produire-en-nouvelle-aquitaine.org\/index.php\/wp-json\/wp\/v2\/users\/1"}],"replies":[{"embeddable":true,"href":"https:\/\/produire-en-nouvelle-aquitaine.org\/index.php\/wp-json\/wp\/v2\/comments?post=607"}],"version-history":[{"count":3,"href":"https:\/\/produire-en-nouvelle-aquitaine.org\/index.php\/wp-json\/wp\/v2\/posts\/607\/revisions"}],"predecessor-version":[{"id":611,"href":"https:\/\/produire-en-nouvelle-aquitaine.org\/index.php\/wp-json\/wp\/v2\/posts\/607\/revisions\/611"}],"wp:attachment":[{"href":"https:\/\/produire-en-nouvelle-aquitaine.org\/index.php\/wp-json\/wp\/v2\/media?parent=607"}],"wp:term":[{"taxonomy":"category","embeddable":true,"href":"https:\/\/produire-en-nouvelle-aquitaine.org\/index.php\/wp-json\/wp\/v2\/categories?post=607"},{"taxonomy":"post_tag","embeddable":true,"href":"https:\/\/produire-en-nouvelle-aquitaine.org\/index.php\/wp-json\/wp\/v2\/tags?post=607"}],"curies":[{"name":"wp","href":"https:\/\/api.w.org\/{rel}","templated":true}]}}