{"id":600,"date":"2019-02-13T17:59:23","date_gmt":"2019-02-13T16:59:23","guid":{"rendered":"http:\/\/produire-en-nouvelle-aquitaine.org\/?p=600"},"modified":"2019-02-19T16:23:07","modified_gmt":"2019-02-19T15:23:07","slug":"algerie-1954-1962-des-soldats-a-la-camera","status":"publish","type":"post","link":"https:\/\/produire-en-nouvelle-aquitaine.org\/index.php\/2019\/02\/13\/algerie-1954-1962-des-soldats-a-la-camera\/","title":{"rendered":"Diffusion t\u00e9l\u00e9 : Alg\u00e9rie (1954-1962), Des soldats \u00e0 la cam\u00e9ra de Jean-Pierre Bertin-Maghit"},"content":{"rendered":"<p><img loading=\"lazy\" decoding=\"async\" class=\"alignnone size-medium wp-image-601\" src=\"http:\/\/produire-en-nouvelle-aquitaine.org\/wp-content\/uploads\/2019\/02\/Capture-d\u2019e\u0301cran-2019-02-13-a\u0300-17.57.05-300x220.png\" alt=\"\" width=\"300\" height=\"220\" \/><\/p>\n<p>Le documentaire <strong><em>Alg\u00e9rie (1954-1962) : Des soldats \u00e0 la cam\u00e9ra<\/em> <\/strong>de Jean-Pierre Bertin-Maghit sera diffus\u00e9 sur France 3 Nouvelle-Aquitaine le 25 mars vers 23h30. Cette diffusion est accompagn\u00e9e de nombreuses projections, au Mus\u00e9e de l&rsquo;Arm\u00e9e \u00e0 Paris le 29 janvier, \u00e0 Montmorillon au cin\u00e9ma le Majestic le 14 mars, \u00e0 Rouen \u00e0 l&rsquo;Omnia le 28 avril&#8230;<\/p>\n<p>Dans ce film, le r\u00e9alisateur cherche \u00e0 comprendre pourquoi de jeunes fran\u00e7ais embarqu\u00e9s pour la guerre d&rsquo;Alg\u00e9rie sont partis au combat avec une cam\u00e9ra, ce qu&rsquo;ils ont film\u00e9, ce qu&rsquo;ils ont v\u00e9cu. Les r\u00e9ponses \u00e0 cette question dessinent \u00e0 hauteur d&rsquo;homme une vision de la guerre lourde de ressentiments.<\/p>\n<p>&nbsp;<\/p>\n<p>Le film est une coproduction La Chambres aux Fresques, ECPAD et France T\u00e9l\u00e9visions, France 3 Nouvelle-Aquitaine.<\/p>\n","protected":false},"excerpt":{"rendered":"<p>Le documentaire Alg\u00e9rie (1954-1962) : Des soldats \u00e0 la cam\u00e9ra de Jean-Pierre Bertin-Maghit sera diffus\u00e9 sur France 3 Nouvelle-Aquitaine le 25 mars vers 23h30. Cette diffusion est accompagn\u00e9e de nombreuses projections, au Mus\u00e9e de l&rsquo;Arm\u00e9e \u00e0 Paris le 29 janvier, \u00e0 Montmorillon au cin\u00e9ma le Majestic le 14 mars, \u00e0 Rouen \u00e0 l&rsquo;Omnia le 28&hellip; <a href=\"https:\/\/produire-en-nouvelle-aquitaine.org\/index.php\/2019\/02\/13\/algerie-1954-1962-des-soldats-a-la-camera\/\" class=\"more-link\">Lire la suite <span class=\"screen-reader-text\">Diffusion t\u00e9l\u00e9 : Alg\u00e9rie (1954-1962), Des soldats \u00e0 la cam\u00e9ra de Jean-Pierre Bertin-Maghit<\/span><\/a><\/p>\n","protected":false},"author":1,"featured_media":0,"comment_status":"closed","ping_status":"closed","sticky":false,"template":"","format":"standard","meta":{"footnotes":""},"categories":[6],"tags":[],"_links":{"self":[{"href":"https:\/\/produire-en-nouvelle-aquitaine.org\/index.php\/wp-json\/wp\/v2\/posts\/600"}],"collection":[{"href":"https:\/\/produire-en-nouvelle-aquitaine.org\/index.php\/wp-json\/wp\/v2\/posts"}],"about":[{"href":"https:\/\/produire-en-nouvelle-aquitaine.org\/index.php\/wp-json\/wp\/v2\/types\/post"}],"author":[{"embeddable":true,"href":"https:\/\/produire-en-nouvelle-aquitaine.org\/index.php\/wp-json\/wp\/v2\/users\/1"}],"replies":[{"embeddable":true,"href":"https:\/\/produire-en-nouvelle-aquitaine.org\/index.php\/wp-json\/wp\/v2\/comments?post=600"}],"version-history":[{"count":3,"href":"https:\/\/produire-en-nouvelle-aquitaine.org\/index.php\/wp-json\/wp\/v2\/posts\/600\/revisions"}],"predecessor-version":[{"id":688,"href":"https:\/\/produire-en-nouvelle-aquitaine.org\/index.php\/wp-json\/wp\/v2\/posts\/600\/revisions\/688"}],"wp:attachment":[{"href":"https:\/\/produire-en-nouvelle-aquitaine.org\/index.php\/wp-json\/wp\/v2\/media?parent=600"}],"wp:term":[{"taxonomy":"category","embeddable":true,"href":"https:\/\/produire-en-nouvelle-aquitaine.org\/index.php\/wp-json\/wp\/v2\/categories?post=600"},{"taxonomy":"post_tag","embeddable":true,"href":"https:\/\/produire-en-nouvelle-aquitaine.org\/index.php\/wp-json\/wp\/v2\/tags?post=600"}],"curies":[{"name":"wp","href":"https:\/\/api.w.org\/{rel}","templated":true}]}}