{"id":595,"date":"2019-02-13T17:36:11","date_gmt":"2019-02-13T16:36:11","guid":{"rendered":"http:\/\/produire-en-nouvelle-aquitaine.org\/?p=595"},"modified":"2019-02-14T12:16:46","modified_gmt":"2019-02-14T11:16:46","slug":"bienvenue-aux-films-du-relief","status":"publish","type":"post","link":"https:\/\/produire-en-nouvelle-aquitaine.org\/index.php\/2019\/02\/13\/bienvenue-aux-films-du-relief\/","title":{"rendered":"Bienvenue aux Films du Relief !"},"content":{"rendered":"<h5><img loading=\"lazy\" decoding=\"async\" class=\"alignnone wp-image-592 size-medium\" src=\"http:\/\/produire-en-nouvelle-aquitaine.org\/wp-content\/uploads\/2019\/02\/logo-Les-Films-du-Relief-300x122.jpg\" alt=\"\" width=\"300\" height=\"122\" srcset=\"https:\/\/produire-en-nouvelle-aquitaine.org\/wp-content\/uploads\/2019\/02\/logo-Les-Films-du-Relief-300x122.jpg 300w, https:\/\/produire-en-nouvelle-aquitaine.org\/wp-content\/uploads\/2019\/02\/logo-Les-Films-du-Relief.jpg 496w\" sizes=\"(max-width: 300px) 100vw, 300px\" \/><\/h5>\n<h2><span style=\"font-size: 12pt; font-family: georgia, palatino, serif;\">Nous avons le plaisir de saluer l&rsquo;arriv\u00e9e \u00e0 la Pe\u00f1a des <span style=\"color: #ff9900;\">Films du Relief<\/span>. Producteur de fiction et de documentaire \u00e0 destination de la t\u00e9l\u00e9vision ou du cin\u00e9ma, cette soci\u00e9t\u00e9 implant\u00e9e \u00e0 Limoges a pour moteur la passion transmise par un auteur ou un r\u00e9alisateur. D\u00e9couvrez ses productions sur son site <a href=\"http:\/\/www.les filmsdurelief.com\">www.les filmsdurelief.com<\/a> et suivez son actualit\u00e9 sur Facebook <a href=\"https:\/\/www.facebook.com\/lesfilmsdurelief\/\">@lesfilmsdurelief.<\/a><\/span><\/h2>\n","protected":false},"excerpt":{"rendered":"<p>Nous avons le plaisir de saluer l&rsquo;arriv\u00e9e \u00e0 la Pe\u00f1a des Films du Relief. Producteur de fiction et de documentaire \u00e0 destination de la t\u00e9l\u00e9vision ou du cin\u00e9ma, cette soci\u00e9t\u00e9 implant\u00e9e \u00e0 Limoges a pour moteur la passion transmise par un auteur ou un r\u00e9alisateur. D\u00e9couvrez ses productions sur son site www.les filmsdurelief.com et suivez&hellip; <a href=\"https:\/\/produire-en-nouvelle-aquitaine.org\/index.php\/2019\/02\/13\/bienvenue-aux-films-du-relief\/\" class=\"more-link\">Lire la suite <span class=\"screen-reader-text\">Bienvenue aux Films du Relief !<\/span><\/a><\/p>\n","protected":false},"author":1,"featured_media":0,"comment_status":"closed","ping_status":"closed","sticky":false,"template":"","format":"standard","meta":{"footnotes":""},"categories":[4],"tags":[],"_links":{"self":[{"href":"https:\/\/produire-en-nouvelle-aquitaine.org\/index.php\/wp-json\/wp\/v2\/posts\/595"}],"collection":[{"href":"https:\/\/produire-en-nouvelle-aquitaine.org\/index.php\/wp-json\/wp\/v2\/posts"}],"about":[{"href":"https:\/\/produire-en-nouvelle-aquitaine.org\/index.php\/wp-json\/wp\/v2\/types\/post"}],"author":[{"embeddable":true,"href":"https:\/\/produire-en-nouvelle-aquitaine.org\/index.php\/wp-json\/wp\/v2\/users\/1"}],"replies":[{"embeddable":true,"href":"https:\/\/produire-en-nouvelle-aquitaine.org\/index.php\/wp-json\/wp\/v2\/comments?post=595"}],"version-history":[{"count":3,"href":"https:\/\/produire-en-nouvelle-aquitaine.org\/index.php\/wp-json\/wp\/v2\/posts\/595\/revisions"}],"predecessor-version":[{"id":598,"href":"https:\/\/produire-en-nouvelle-aquitaine.org\/index.php\/wp-json\/wp\/v2\/posts\/595\/revisions\/598"}],"wp:attachment":[{"href":"https:\/\/produire-en-nouvelle-aquitaine.org\/index.php\/wp-json\/wp\/v2\/media?parent=595"}],"wp:term":[{"taxonomy":"category","embeddable":true,"href":"https:\/\/produire-en-nouvelle-aquitaine.org\/index.php\/wp-json\/wp\/v2\/categories?post=595"},{"taxonomy":"post_tag","embeddable":true,"href":"https:\/\/produire-en-nouvelle-aquitaine.org\/index.php\/wp-json\/wp\/v2\/tags?post=595"}],"curies":[{"name":"wp","href":"https:\/\/api.w.org\/{rel}","templated":true}]}}