{"id":533,"date":"2018-12-10T09:29:05","date_gmt":"2018-12-10T08:29:05","guid":{"rendered":"http:\/\/produire-en-nouvelle-aquitaine.org\/?p=533"},"modified":"2018-12-10T09:29:05","modified_gmt":"2018-12-10T08:29:05","slug":"territoires-dimages-2018-cest-fini","status":"publish","type":"post","link":"https:\/\/produire-en-nouvelle-aquitaine.org\/index.php\/2018\/12\/10\/territoires-dimages-2018-cest-fini\/","title":{"rendered":"Territoire(s) d&rsquo;images 2018, c&rsquo;est fini !"},"content":{"rendered":"<p>La Pe\u00f1a &#8211; Produire en Nouvelle- Aquitaine a le plaisir de remercier tous les participants et participantes \u00e0 Territoire(s) d&rsquo;images 2018, deux journ\u00e9es de rencontres professionnelles et de projection. Tous les acteurs et actrices de la fili\u00e8re audiovisuelle et cin\u00e9ma de notre R\u00e9gion \u00e9taient pr\u00e9sents, regroup\u00e9s pour dialoguer et\u00a0 pr\u00e9parer l&rsquo;avenir. Merci aussi \u00e0 la R\u00e9gion Occitanie et sa communaut\u00e9 professionnelle, venue nombreuse pour nourrir nos d\u00e9bats. Et merci \u00e0 celles et ceux qui sont venus de loin, \u00e9tudiants, producteurs et institutionnels.<\/p>\n<p>Rien de ceci n&rsquo;aurait \u00e9t\u00e9 possible sans nos soutiens, la R\u00e9gion Nouvelle-Aquitaine, la Drac, l&rsquo;agence Alca, et la Ville de Limoges. Rien n&rsquo;aurait non plus \u00e9t\u00e9 possible sans nos invit\u00e9.e.s. Retour sur ces deux journ\u00e9es m\u00e9morables :<\/p>\n<p><span style=\"text-decoration: underline;\">Ouverture<\/span> de Territoire(s) d&rsquo;images par Thomas Schmitt, Pr\u00e9sident de la Pe\u00f1a<\/p>\n<p><img loading=\"lazy\" decoding=\"async\" class=\"alignnone size-medium wp-image-558\" src=\"http:\/\/produire-en-nouvelle-aquitaine.org\/wp-content\/uploads\/2018\/12\/Schmitt-benayoun-bonnet-cales-deconchat-garcia-300x225.jpg\" alt=\"\" width=\"300\" height=\"225\" srcset=\"https:\/\/produire-en-nouvelle-aquitaine.org\/wp-content\/uploads\/2018\/12\/Schmitt-benayoun-bonnet-cales-deconchat-garcia-300x225.jpg 300w, https:\/\/produire-en-nouvelle-aquitaine.org\/wp-content\/uploads\/2018\/12\/Schmitt-benayoun-bonnet-cales-deconchat-garcia-768x576.jpg 768w, https:\/\/produire-en-nouvelle-aquitaine.org\/wp-content\/uploads\/2018\/12\/Schmitt-benayoun-bonnet-cales-deconchat-garcia-1024x768.jpg 1024w, https:\/\/produire-en-nouvelle-aquitaine.org\/wp-content\/uploads\/2018\/12\/Schmitt-benayoun-bonnet-cales-deconchat-garcia-1320x990.jpg 1320w, https:\/\/produire-en-nouvelle-aquitaine.org\/wp-content\/uploads\/2018\/12\/Schmitt-benayoun-bonnet-cales-deconchat-garcia.jpg 2016w\" sizes=\"(max-width: 300px) 100vw, 300px\" \/><\/p>\n<p><span style=\"text-decoration: underline;\">Table ronde :\u201cDe la fabrication de films \u00e0 l&rsquo;accueil de tournages\u201d<\/span><\/p>\n<p>Alca (No\u00e9mie Benayoun, Responsable Cr\u00e9ation, production, diffusion), Calippso (St\u00e9phane Cal\u00e8s, \u00c9talonneur), Atana (Benoit Deconchat, pr\u00e9sident), L\u2019Alhambra Studios (Sandrine Zoller, Responsable de la communication et Xavier Ferrand, R\u00e9gisseur de L\u2019Alhambra), Dpt du Lot-et-Garonne (Herv\u00e9 Bonnet, Directeur de la commission du film). Mod\u00e9ration : Jean-Raymond Garcia, Vice-pr\u00e9sident de la Pe\u00f1a et producteur Uproduction.<\/p>\n<p><span style=\"text-decoration: underline;\"><img loading=\"lazy\" decoding=\"async\" class=\"alignnone size-medium wp-image-565\" src=\"http:\/\/produire-en-nouvelle-aquitaine.org\/wp-content\/uploads\/2018\/12\/benayoun-bonnet-cales-deconchat-garcia-3-300x225.jpg\" alt=\"\" width=\"300\" height=\"225\" srcset=\"https:\/\/produire-en-nouvelle-aquitaine.org\/wp-content\/uploads\/2018\/12\/benayoun-bonnet-cales-deconchat-garcia-3-300x225.jpg 300w, https:\/\/produire-en-nouvelle-aquitaine.org\/wp-content\/uploads\/2018\/12\/benayoun-bonnet-cales-deconchat-garcia-3-768x576.jpg 768w, https:\/\/produire-en-nouvelle-aquitaine.org\/wp-content\/uploads\/2018\/12\/benayoun-bonnet-cales-deconchat-garcia-3-1024x768.jpg 1024w, https:\/\/produire-en-nouvelle-aquitaine.org\/wp-content\/uploads\/2018\/12\/benayoun-bonnet-cales-deconchat-garcia-3-1320x990.jpg 1320w, https:\/\/produire-en-nouvelle-aquitaine.org\/wp-content\/uploads\/2018\/12\/benayoun-bonnet-cales-deconchat-garcia-3.jpg 2016w\" sizes=\"(max-width: 300px) 100vw, 300px\" \/><\/span><\/p>\n<p><span style=\"text-decoration: underline;\">Pr\u00e9sentation du projet de recherche<\/span> \u201cLoin de Paris, le cin\u00e9ma en R\u00e9gion 1922-2015\u201d par Pierre Beylot, Professeur \u00e0 l\u2019Universit\u00e9 de Bordeaux-Montaigne<\/p>\n<p><span style=\"text-decoration: underline;\">Table Ronde : \u201c La coproduction internationale depuis les r\u00e9gions\u201d<\/span><\/p>\n<p>Festival Cin\u00e9latino (Eva Morsch-Kihn Coordinatrice), Festival du Film de Biarritz (Antoine S\u00e9bire, Directeur g\u00e9n\u00e9ral), R\u00e9gion Nouvelle-Aquitaine (Pierre Da Silva, Responsable Unit\u00e9 Cin\u00e9ma et audiovisuel). Mod\u00e9ration : David Hurst, Tr\u00e9sorier de la Pe\u00f1a et producteur, Dublin Films.<\/p>\n<p><img loading=\"lazy\" decoding=\"async\" class=\"alignnone size-medium wp-image-562\" src=\"http:\/\/produire-en-nouvelle-aquitaine.org\/wp-content\/uploads\/2018\/12\/Dasilva-morschkihn-sebire-streiff-hurst-300x225.jpg\" alt=\"\" width=\"300\" height=\"225\" srcset=\"https:\/\/produire-en-nouvelle-aquitaine.org\/wp-content\/uploads\/2018\/12\/Dasilva-morschkihn-sebire-streiff-hurst-300x225.jpg 300w, https:\/\/produire-en-nouvelle-aquitaine.org\/wp-content\/uploads\/2018\/12\/Dasilva-morschkihn-sebire-streiff-hurst-768x576.jpg 768w, https:\/\/produire-en-nouvelle-aquitaine.org\/wp-content\/uploads\/2018\/12\/Dasilva-morschkihn-sebire-streiff-hurst-1024x768.jpg 1024w, https:\/\/produire-en-nouvelle-aquitaine.org\/wp-content\/uploads\/2018\/12\/Dasilva-morschkihn-sebire-streiff-hurst-1320x990.jpg 1320w, https:\/\/produire-en-nouvelle-aquitaine.org\/wp-content\/uploads\/2018\/12\/Dasilva-morschkihn-sebire-streiff-hurst.jpg 2016w\" sizes=\"(max-width: 300px) 100vw, 300px\" \/><\/p>\n<p><span style=\"text-decoration: underline;\">Assembl\u00e9e g\u00e9n\u00e9rale de la Pe\u00f1a<\/span>, \u00e0 huis clos.<\/p>\n<p><img loading=\"lazy\" decoding=\"async\" class=\"alignnone wp-image-534 size-medium\" src=\"http:\/\/produire-en-nouvelle-aquitaine.org\/wp-content\/uploads\/2018\/12\/AG-e1544428630300-225x300.jpg\" alt=\"\" width=\"225\" height=\"300\" srcset=\"https:\/\/produire-en-nouvelle-aquitaine.org\/wp-content\/uploads\/2018\/12\/AG-e1544428630300-225x300.jpg 225w, https:\/\/produire-en-nouvelle-aquitaine.org\/wp-content\/uploads\/2018\/12\/AG-e1544428630300-768x1024.jpg 768w, https:\/\/produire-en-nouvelle-aquitaine.org\/wp-content\/uploads\/2018\/12\/AG-e1544428630300-1320x1760.jpg 1320w, https:\/\/produire-en-nouvelle-aquitaine.org\/wp-content\/uploads\/2018\/12\/AG-e1544428630300.jpg 1512w\" sizes=\"(max-width: 225px) 100vw, 225px\" \/><\/p>\n<p><span style=\"text-decoration: underline;\">Carte blanche \u00e0 PYRAMIDE PRODUCTION<\/span> pour ses 30 ans d&rsquo;activit\u00e9. Projection de <em>CHABADA &#8211; La vie des hommes<\/em>\u00a0de Philippe Crnogorac et <em>\u00c0 l&rsquo;infini <\/em>d&rsquo;Edmond Carr\u00e8re, suivi d&rsquo;un d\u00e9bat avec le r\u00e9alisateur Edmond Carr\u00e8re et les producteurs Isabelle Neuvialle et Patrick S\u00e9raudie.<\/p>\n<p><img loading=\"lazy\" decoding=\"async\" class=\"alignnone size-medium wp-image-574\" src=\"http:\/\/produire-en-nouvelle-aquitaine.org\/wp-content\/uploads\/2018\/12\/infini-Affiche-light-225x300.jpg\" alt=\"\" width=\"225\" height=\"300\" srcset=\"https:\/\/produire-en-nouvelle-aquitaine.org\/wp-content\/uploads\/2018\/12\/infini-Affiche-light-225x300.jpg 225w, https:\/\/produire-en-nouvelle-aquitaine.org\/wp-content\/uploads\/2018\/12\/infini-Affiche-light-768x1022.jpg 768w, https:\/\/produire-en-nouvelle-aquitaine.org\/wp-content\/uploads\/2018\/12\/infini-Affiche-light-769x1024.jpg 769w, https:\/\/produire-en-nouvelle-aquitaine.org\/wp-content\/uploads\/2018\/12\/infini-Affiche-light-1320x1757.jpg 1320w, https:\/\/produire-en-nouvelle-aquitaine.org\/wp-content\/uploads\/2018\/12\/infini-Affiche-light.jpg 1500w\" sizes=\"(max-width: 225px) 100vw, 225px\" \/><\/p>\n<p>\u201cLe r\u00f4le des <em>clusters<\/em> dans le d\u00e9veloppement d\u2019une fili\u00e8re\u201d par Coralie Grimand, Directrice g\u00e9n\u00e9rale d\u2019Alca.<\/p>\n<p><img loading=\"lazy\" decoding=\"async\" class=\"alignnone wp-image-570 size-medium\" src=\"http:\/\/produire-en-nouvelle-aquitaine.org\/wp-content\/uploads\/2018\/12\/grimand-e1544428999302-225x300.jpg\" alt=\"\" width=\"225\" height=\"300\" srcset=\"https:\/\/produire-en-nouvelle-aquitaine.org\/wp-content\/uploads\/2018\/12\/grimand-e1544428999302-225x300.jpg 225w, https:\/\/produire-en-nouvelle-aquitaine.org\/wp-content\/uploads\/2018\/12\/grimand-e1544428999302-768x1024.jpg 768w, https:\/\/produire-en-nouvelle-aquitaine.org\/wp-content\/uploads\/2018\/12\/grimand-e1544428999302-1320x1760.jpg 1320w, https:\/\/produire-en-nouvelle-aquitaine.org\/wp-content\/uploads\/2018\/12\/grimand-e1544428999302.jpg 1512w\" sizes=\"(max-width: 225px) 100vw, 225px\" \/><\/p>\n<p><span style=\"text-decoration: underline;\">Table Ronde\u00a0: \u201cLes financements infrar\u00e9gionaux<\/span>, relations entre les diff\u00e9rents \u00e9chelons territoriaux\u201d<\/p>\n<p>R\u00e9gion Nouvelle-Aquitaine (Fr\u00e9d\u00e9ric Vilcocq, Conseiller culture), D\u00e9partements Charentes (Sophie Hahne, Charg\u00e9e des aides \u00e0 la production du P\u00f4le Magelis), et Lot-et-Garonne (Herv\u00e9 Bonnet, Directeur de la commission du film), CNC (Fanny Busson, Charg\u00e9e de mission territoriale) et Groupe Fiction (Thierry Lounas). Mod\u00e9ration : Jean-Raymond Garcia, Vice-pr\u00e9sident de la Pe\u00f1a et producteur Uproduction.<\/p>\n<p><img loading=\"lazy\" decoding=\"async\" class=\"alignnone wp-image-548 size-medium\" src=\"http:\/\/produire-en-nouvelle-aquitaine.org\/wp-content\/uploads\/2018\/12\/vilcocq-hahne-bonnet-busson-garcia-lounas-4-e1544429794343-225x300.jpg\" alt=\"\" width=\"225\" height=\"300\" srcset=\"https:\/\/produire-en-nouvelle-aquitaine.org\/wp-content\/uploads\/2018\/12\/vilcocq-hahne-bonnet-busson-garcia-lounas-4-e1544429794343-225x300.jpg 225w, https:\/\/produire-en-nouvelle-aquitaine.org\/wp-content\/uploads\/2018\/12\/vilcocq-hahne-bonnet-busson-garcia-lounas-4-e1544429794343-768x1024.jpg 768w, https:\/\/produire-en-nouvelle-aquitaine.org\/wp-content\/uploads\/2018\/12\/vilcocq-hahne-bonnet-busson-garcia-lounas-4-e1544429794343-1320x1760.jpg 1320w, https:\/\/produire-en-nouvelle-aquitaine.org\/wp-content\/uploads\/2018\/12\/vilcocq-hahne-bonnet-busson-garcia-lounas-4-e1544429794343.jpg 1512w\" sizes=\"(max-width: 225px) 100vw, 225px\" \/><\/p>\n<p><span style=\"text-decoration: underline;\">\u00ab\u00a0Pr\u00e9sentation de La Ruche, r\u00e9sidence et aide \u00e0 l\u2019\u00e9criture\u00a0\u00bb<\/span>\u00a0par S\u00e9bastien Lass\u00e8re codirecteur de La Ruche et du Festival de Gindou.<\/p>\n<p><img loading=\"lazy\" decoding=\"async\" class=\"alignnone wp-image-566 size-medium\" src=\"http:\/\/produire-en-nouvelle-aquitaine.org\/wp-content\/uploads\/2018\/12\/sebastien-Lasse\u0300re-e1544429553468-225x300.jpg\" alt=\"\" width=\"225\" height=\"300\" srcset=\"https:\/\/produire-en-nouvelle-aquitaine.org\/wp-content\/uploads\/2018\/12\/sebastien-Lasse\u0300re-e1544429553468-225x300.jpg 225w, https:\/\/produire-en-nouvelle-aquitaine.org\/wp-content\/uploads\/2018\/12\/sebastien-Lasse\u0300re-e1544429553468-768x1024.jpg 768w, https:\/\/produire-en-nouvelle-aquitaine.org\/wp-content\/uploads\/2018\/12\/sebastien-Lasse\u0300re-e1544429553468-1320x1760.jpg 1320w, https:\/\/produire-en-nouvelle-aquitaine.org\/wp-content\/uploads\/2018\/12\/sebastien-Lasse\u0300re-e1544429553468.jpg 1512w\" sizes=\"(max-width: 225px) 100vw, 225px\" \/><\/p>\n<p><span style=\"text-decoration: underline;\">\u201cLe COM avec TV7\u201d<\/span>, \u00e9tude qualitative par Fabrice Marache, Secr\u00e9taire de la Pe\u00f1a et producteur L&rsquo;Atelier documentaire.<\/p>\n<p><img loading=\"lazy\" decoding=\"async\" class=\"alignnone wp-image-567\" src=\"http:\/\/produire-en-nouvelle-aquitaine.org\/wp-content\/uploads\/2018\/12\/fabrice-marache-e1544429317286-225x300.jpg\" alt=\"\" width=\"222\" height=\"296\" \/><\/p>\n<p><span style=\"text-decoration: underline;\">Table Ronde : \u201c Regards crois\u00e9s sur les dispositifs audiovisuels en Occitanie et Nouvelle-Aquitaine\u201d<\/span><\/p>\n<p>R\u00e9gion Occitanie (Emmanuel Feuli\u00e9, Responsable unit\u00e9 audiovisuel), Apifa &#8211; Producteurs d\u2019Occitanie (Philippe Aussel, Pr\u00e9sident et g\u00e9rant du LOKAL et Luc Reder, Vice-Pr\u00e9sident et producteur Chuck Production), France 3 Nouvelle-Aquitaine (Dominique Papon, D\u00e9l\u00e9gu\u00e9 \u00e0 l\u2019Antenne et aux programmes), Kanaldude (Lo\u00efc Legrand Charg\u00e9 de Programme). Mod\u00e9ration Thomas Schmitt, Pr\u00e9sident de la Pe\u00f1a et producteur, La Chambre aux fresques.<\/p>\n<p><img loading=\"lazy\" decoding=\"async\" class=\"alignnone wp-image-555 size-medium\" src=\"http:\/\/produire-en-nouvelle-aquitaine.org\/wp-content\/uploads\/2018\/12\/reder-aussel-feulie-papon-legrand-schmitt-4-e1544430141539-225x300.jpg\" alt=\"\" width=\"225\" height=\"300\" srcset=\"https:\/\/produire-en-nouvelle-aquitaine.org\/wp-content\/uploads\/2018\/12\/reder-aussel-feulie-papon-legrand-schmitt-4-e1544430141539-225x300.jpg 225w, https:\/\/produire-en-nouvelle-aquitaine.org\/wp-content\/uploads\/2018\/12\/reder-aussel-feulie-papon-legrand-schmitt-4-e1544430141539-768x1024.jpg 768w, https:\/\/produire-en-nouvelle-aquitaine.org\/wp-content\/uploads\/2018\/12\/reder-aussel-feulie-papon-legrand-schmitt-4-e1544430141539-1320x1760.jpg 1320w, https:\/\/produire-en-nouvelle-aquitaine.org\/wp-content\/uploads\/2018\/12\/reder-aussel-feulie-papon-legrand-schmitt-4-e1544430141539.jpg 1512w\" sizes=\"(max-width: 225px) 100vw, 225px\" \/><\/p>\n<p><span style=\"text-decoration: underline;\">Rencontre producteurs<\/span> de Nouvelle-Aquitaine et d&rsquo;Occitanie, \u00e0 huis clos.<\/p>\n<p>Cl\u00f4ture de Territoire(s) d\u2019Images<\/p>\n<p>&nbsp;<\/p>\n<p>Merci d&rsquo;\u00eatre venus nombreux !<\/p>\n<p><img loading=\"lazy\" decoding=\"async\" class=\"alignnone size-medium wp-image-543\" src=\"http:\/\/produire-en-nouvelle-aquitaine.org\/wp-content\/uploads\/2018\/12\/public-2-300x225.jpg\" alt=\"\" width=\"300\" height=\"225\" srcset=\"https:\/\/produire-en-nouvelle-aquitaine.org\/wp-content\/uploads\/2018\/12\/public-2-300x225.jpg 300w, https:\/\/produire-en-nouvelle-aquitaine.org\/wp-content\/uploads\/2018\/12\/public-2-768x576.jpg 768w, https:\/\/produire-en-nouvelle-aquitaine.org\/wp-content\/uploads\/2018\/12\/public-2-1024x768.jpg 1024w, https:\/\/produire-en-nouvelle-aquitaine.org\/wp-content\/uploads\/2018\/12\/public-2-1320x990.jpg 1320w, https:\/\/produire-en-nouvelle-aquitaine.org\/wp-content\/uploads\/2018\/12\/public-2.jpg 2016w\" sizes=\"(max-width: 300px) 100vw, 300px\" \/><\/p>\n","protected":false},"excerpt":{"rendered":"<p>La Pe\u00f1a &#8211; Produire en Nouvelle- Aquitaine a le plaisir de remercier tous les participants et participantes \u00e0 Territoire(s) d&rsquo;images 2018, deux journ\u00e9es de rencontres professionnelles et de projection. Tous les acteurs et actrices de la fili\u00e8re audiovisuelle et cin\u00e9ma de notre R\u00e9gion \u00e9taient pr\u00e9sents, regroup\u00e9s pour dialoguer et\u00a0 pr\u00e9parer l&rsquo;avenir. Merci aussi \u00e0 la&hellip; <a href=\"https:\/\/produire-en-nouvelle-aquitaine.org\/index.php\/2018\/12\/10\/territoires-dimages-2018-cest-fini\/\" class=\"more-link\">Lire la suite <span class=\"screen-reader-text\">Territoire(s) d&rsquo;images 2018, c&rsquo;est fini !<\/span><\/a><\/p>\n","protected":false},"author":1,"featured_media":0,"comment_status":"closed","ping_status":"closed","sticky":false,"template":"","format":"standard","meta":{"footnotes":""},"categories":[4],"tags":[],"_links":{"self":[{"href":"https:\/\/produire-en-nouvelle-aquitaine.org\/index.php\/wp-json\/wp\/v2\/posts\/533"}],"collection":[{"href":"https:\/\/produire-en-nouvelle-aquitaine.org\/index.php\/wp-json\/wp\/v2\/posts"}],"about":[{"href":"https:\/\/produire-en-nouvelle-aquitaine.org\/index.php\/wp-json\/wp\/v2\/types\/post"}],"author":[{"embeddable":true,"href":"https:\/\/produire-en-nouvelle-aquitaine.org\/index.php\/wp-json\/wp\/v2\/users\/1"}],"replies":[{"embeddable":true,"href":"https:\/\/produire-en-nouvelle-aquitaine.org\/index.php\/wp-json\/wp\/v2\/comments?post=533"}],"version-history":[{"count":3,"href":"https:\/\/produire-en-nouvelle-aquitaine.org\/index.php\/wp-json\/wp\/v2\/posts\/533\/revisions"}],"predecessor-version":[{"id":576,"href":"https:\/\/produire-en-nouvelle-aquitaine.org\/index.php\/wp-json\/wp\/v2\/posts\/533\/revisions\/576"}],"wp:attachment":[{"href":"https:\/\/produire-en-nouvelle-aquitaine.org\/index.php\/wp-json\/wp\/v2\/media?parent=533"}],"wp:term":[{"taxonomy":"category","embeddable":true,"href":"https:\/\/produire-en-nouvelle-aquitaine.org\/index.php\/wp-json\/wp\/v2\/categories?post=533"},{"taxonomy":"post_tag","embeddable":true,"href":"https:\/\/produire-en-nouvelle-aquitaine.org\/index.php\/wp-json\/wp\/v2\/tags?post=533"}],"curies":[{"name":"wp","href":"https:\/\/api.w.org\/{rel}","templated":true}]}}