{"id":367,"date":"2018-01-09T17:24:41","date_gmt":"2018-01-09T16:24:41","guid":{"rendered":"http:\/\/produire-en-nouvelle-aquitaine.org\/?p=367"},"modified":"2018-01-09T17:24:41","modified_gmt":"2018-01-09T16:24:41","slug":"projection-de-sem-le-caricaturiste-incisif-produit-par-novanima","status":"publish","type":"post","link":"https:\/\/produire-en-nouvelle-aquitaine.org\/index.php\/2018\/01\/09\/projection-de-sem-le-caricaturiste-incisif-produit-par-novanima\/","title":{"rendered":"Projection de SEM, LE CARICATURISTE INCISIF, produit par Novanima"},"content":{"rendered":"<h5><strong><img loading=\"lazy\" decoding=\"async\" class=\"alignnone wp-image-368 size-thumbnail\" src=\"http:\/\/produire-en-nouvelle-aquitaine.org\/wp-content\/uploads\/2018\/01\/Sem-le-caricaturiste-incisif-2-150x150.jpg\" alt=\"\" width=\"150\" height=\"150\" srcset=\"https:\/\/produire-en-nouvelle-aquitaine.org\/wp-content\/uploads\/2018\/01\/Sem-le-caricaturiste-incisif-2-150x150.jpg 150w, https:\/\/produire-en-nouvelle-aquitaine.org\/wp-content\/uploads\/2018\/01\/Sem-le-caricaturiste-incisif-2-180x180.jpg 180w\" sizes=\"(max-width: 150px) 100vw, 150px\" \/><\/strong><\/h5>\n<h5><strong>ACTIVITE DES MEMBRES &#8211; Le documentaire r\u00e9alis\u00e9 par Marc Faye sera projet\u00e9 le jeudi 18 janvier 2018 \u00e0 19H30, \u00e0 la SCAM, en pr\u00e9sence du r\u00e9alisateur<\/strong>.<\/h5>\n<p><!--more--><\/p>\n<p>R\u00e9sum\u00e9: Sem est caricaturiste. L&rsquo;acuit\u00e9 de son regard fait de lui un sismographe sensible de la Belle \u00c9poque, de la Grande Guerre et des Ann\u00e9es folles. Ses caricatures survivent comme des documents uniques, des bornes t\u00e9moins qui gardent la fraicheur et la vibration que lui ont insuffl\u00e9 les personnalit\u00e9s de son \u00e9poque : les \u00e9crivains Proust, Colette, Rostand, la danseuse Jos\u00e9phine Baker, l\u2019aviateur Santos Dumont, la cr\u00e9atrice de mode Coco Chanel, etc&#8230;<br \/>\nCe film explore son univers.<\/p>\n<p>Documentaire de cr\u00e9ation \/ HD \/ VF \/ 68min<br \/>\nEn coproduction avec Bip Tv et Vivement Lundi !<br \/>\nAvec le soutien du Centre National de la Cin\u00e9matographie et de l\u2019Image Anim\u00e9e,<br \/>\nde la Procirep Angoa,<br \/>\nde la R\u00e9gion Nouvelle Aquitaine et de l&rsquo;agence \u00c9cla-Alca,<br \/>\nde la R\u00e9gion Centre Val-de-Loire et de l&rsquo;agence Ciclic,<br \/>\ndu d\u00e9partement de la Dordogne et de la ville de P\u00e9rigueux.<\/p>\n<p>R\u00e9servation indispensable \u00e0 <a href=\"mailto:contact@novanima.com\">contact@novanima.com<\/a><\/p>\n<p>Plus d&rsquo;informations sur le site de <a href=\"http:\/\/www.novanima.fr\/\" target=\"_blank\" rel=\"noopener\">Novanima<\/a>.<\/p>\n","protected":false},"excerpt":{"rendered":"<p>ACTIVITE DES MEMBRES &#8211; Le documentaire r\u00e9alis\u00e9 par Marc Faye sera projet\u00e9 le jeudi 18 janvier 2018 \u00e0 19H30, \u00e0 la SCAM, en pr\u00e9sence du r\u00e9alisateur.<\/p>\n","protected":false},"author":1,"featured_media":0,"comment_status":"closed","ping_status":"closed","sticky":false,"template":"","format":"standard","meta":{"footnotes":""},"categories":[3],"tags":[],"_links":{"self":[{"href":"https:\/\/produire-en-nouvelle-aquitaine.org\/index.php\/wp-json\/wp\/v2\/posts\/367"}],"collection":[{"href":"https:\/\/produire-en-nouvelle-aquitaine.org\/index.php\/wp-json\/wp\/v2\/posts"}],"about":[{"href":"https:\/\/produire-en-nouvelle-aquitaine.org\/index.php\/wp-json\/wp\/v2\/types\/post"}],"author":[{"embeddable":true,"href":"https:\/\/produire-en-nouvelle-aquitaine.org\/index.php\/wp-json\/wp\/v2\/users\/1"}],"replies":[{"embeddable":true,"href":"https:\/\/produire-en-nouvelle-aquitaine.org\/index.php\/wp-json\/wp\/v2\/comments?post=367"}],"version-history":[{"count":1,"href":"https:\/\/produire-en-nouvelle-aquitaine.org\/index.php\/wp-json\/wp\/v2\/posts\/367\/revisions"}],"predecessor-version":[{"id":369,"href":"https:\/\/produire-en-nouvelle-aquitaine.org\/index.php\/wp-json\/wp\/v2\/posts\/367\/revisions\/369"}],"wp:attachment":[{"href":"https:\/\/produire-en-nouvelle-aquitaine.org\/index.php\/wp-json\/wp\/v2\/media?parent=367"}],"wp:term":[{"taxonomy":"category","embeddable":true,"href":"https:\/\/produire-en-nouvelle-aquitaine.org\/index.php\/wp-json\/wp\/v2\/categories?post=367"},{"taxonomy":"post_tag","embeddable":true,"href":"https:\/\/produire-en-nouvelle-aquitaine.org\/index.php\/wp-json\/wp\/v2\/tags?post=367"}],"curies":[{"name":"wp","href":"https:\/\/api.w.org\/{rel}","templated":true}]}}