{"id":279,"date":"2017-10-20T10:59:05","date_gmt":"2017-10-20T08:59:05","guid":{"rendered":"http:\/\/produire-en-nouvelle-aquitaine.org\/?p=279"},"modified":"2017-10-20T10:59:05","modified_gmt":"2017-10-20T08:59:05","slug":"le-mois-du-film-documentaire-2017-en-nouvelle-aquitaine","status":"publish","type":"post","link":"https:\/\/produire-en-nouvelle-aquitaine.org\/index.php\/2017\/10\/20\/le-mois-du-film-documentaire-2017-en-nouvelle-aquitaine\/","title":{"rendered":"Le Mois du Film Documentaire 2017 en Nouvelle Aquitaine"},"content":{"rendered":"<h5><img loading=\"lazy\" decoding=\"async\" class=\"alignnone wp-image-280 size-thumbnail\" src=\"http:\/\/produire-en-nouvelle-aquitaine.org\/wp-content\/uploads\/2017\/10\/Mois-film-Doc-2017-150x150.jpg\" alt=\"\" width=\"150\" height=\"150\" srcset=\"https:\/\/produire-en-nouvelle-aquitaine.org\/wp-content\/uploads\/2017\/10\/Mois-film-Doc-2017-150x150.jpg 150w, https:\/\/produire-en-nouvelle-aquitaine.org\/wp-content\/uploads\/2017\/10\/Mois-film-Doc-2017-180x180.jpg 180w\" sizes=\"(max-width: 150px) 100vw, 150px\" \/><\/h5>\n<h5>ACTUALITES &#8211;\u00a0Du 1er au 30 novembre 2017, la dix-huiti\u00e8me \u00e9dition du Mois du film documentaire, manifestation coordonn\u00e9e en r\u00e9gion par l\u2019agence r\u00e9gionale \u00c9cla,\u00a0l&rsquo;ACPA et Les Yeux verts,\u00a0se d\u00e9clinera en Nouvelle-Aquitaine afin de faire d\u00e9couvrir la richesse du documentaire de cr\u00e9ation.<\/h5>\n<p><!--more--><\/p>\n<p>Le mois du film documentaire, c\u2019est le rendez-vous d\u00e9di\u00e9 au cin\u00e9ma documentaire pendant lequel le r\u00e9seau culturel, social et \u00e9ducatif se mobile pour organiser des s\u00e9ances et des rencontres, \u00e0 destination de tous les publics.<\/p>\n<p>L\u2019ACPA et l\u2019Agence r\u00e9gionale \u00c9cla coordonnent la manifestation en Nouvelle-Aquitaine pour les d\u00e9partements de la Dordogne, de la Gironde, des Landes, du Lot et Garonne et des Pyr\u00e9n\u00e9es Atlantiques. Cette ann\u00e9e, 103 films et 190 s\u00e9ances sont programm\u00e9es, l&rsquo;occasion de d\u00e9couvrir une diversit\u00e9 d&rsquo;\u0153uvres (r\u00e9centes, de patrimoine, de production fran\u00e7aise ou \u00e9trang\u00e8re) \u00e0 travers des programmations originales et \u00e9clectiques.<\/p>\n<p>Le programme du Mois du film documentaire 2017 est disponible <a href=\"http:\/\/www.moisdudoc.com\/?rubrique701\" target=\"_blank\" rel=\"noopener\">ici<\/a>.<\/p>\n","protected":false},"excerpt":{"rendered":"<p>ACTUALITES &#8211;\u00a0Du 1er au 30 novembre 2017, la dix-huiti\u00e8me \u00e9dition du Mois du film documentaire, manifestation coordonn\u00e9e en r\u00e9gion par l\u2019agence r\u00e9gionale \u00c9cla,\u00a0l&rsquo;ACPA et Les Yeux verts,\u00a0se d\u00e9clinera en Nouvelle-Aquitaine afin de faire d\u00e9couvrir la richesse du documentaire de cr\u00e9ation.<\/p>\n","protected":false},"author":1,"featured_media":0,"comment_status":"closed","ping_status":"closed","sticky":false,"template":"","format":"standard","meta":{"footnotes":""},"categories":[4],"tags":[],"_links":{"self":[{"href":"https:\/\/produire-en-nouvelle-aquitaine.org\/index.php\/wp-json\/wp\/v2\/posts\/279"}],"collection":[{"href":"https:\/\/produire-en-nouvelle-aquitaine.org\/index.php\/wp-json\/wp\/v2\/posts"}],"about":[{"href":"https:\/\/produire-en-nouvelle-aquitaine.org\/index.php\/wp-json\/wp\/v2\/types\/post"}],"author":[{"embeddable":true,"href":"https:\/\/produire-en-nouvelle-aquitaine.org\/index.php\/wp-json\/wp\/v2\/users\/1"}],"replies":[{"embeddable":true,"href":"https:\/\/produire-en-nouvelle-aquitaine.org\/index.php\/wp-json\/wp\/v2\/comments?post=279"}],"version-history":[{"count":1,"href":"https:\/\/produire-en-nouvelle-aquitaine.org\/index.php\/wp-json\/wp\/v2\/posts\/279\/revisions"}],"predecessor-version":[{"id":281,"href":"https:\/\/produire-en-nouvelle-aquitaine.org\/index.php\/wp-json\/wp\/v2\/posts\/279\/revisions\/281"}],"wp:attachment":[{"href":"https:\/\/produire-en-nouvelle-aquitaine.org\/index.php\/wp-json\/wp\/v2\/media?parent=279"}],"wp:term":[{"taxonomy":"category","embeddable":true,"href":"https:\/\/produire-en-nouvelle-aquitaine.org\/index.php\/wp-json\/wp\/v2\/categories?post=279"},{"taxonomy":"post_tag","embeddable":true,"href":"https:\/\/produire-en-nouvelle-aquitaine.org\/index.php\/wp-json\/wp\/v2\/tags?post=279"}],"curies":[{"name":"wp","href":"https:\/\/api.w.org\/{rel}","templated":true}]}}