{"id":2676,"date":"2026-01-16T10:24:02","date_gmt":"2026-01-16T09:24:02","guid":{"rendered":"https:\/\/produire-en-nouvelle-aquitaine.org\/?p=2676"},"modified":"2026-01-20T14:44:23","modified_gmt":"2026-01-20T13:44:23","slug":"la-pena-elit-ses-organes-de-gouvernances-et-se-dote-de-groupes-de-travail","status":"publish","type":"post","link":"https:\/\/produire-en-nouvelle-aquitaine.org\/index.php\/2026\/01\/16\/la-pena-elit-ses-organes-de-gouvernances-et-se-dote-de-groupes-de-travail\/","title":{"rendered":"La PE\u00d1A proc\u00e8de \u00e0 l&rsquo;\u00e9lection de sa nouvelle gouvernance et se dote de Groupes de Travail"},"content":{"rendered":"\n\n\n<p>Dans le cadre de l&rsquo;Assembl\u00e9e G\u00e9n\u00e9rale qui s&rsquo;est tenue le 15 janvier 2026, la PE\u00d1A a \u00e9lu son nouveau Conseil d&rsquo;Administration ainsi que son Bureau. En voici les compositions.<\/p>\n<p>Conseil d&rsquo;Administration :<\/p>\n<ul>\n<li>Coralie Dias, de la soci\u00e9t\u00e9 Inter Spinas<\/li>\n<li>Charlotte Gu\u00e9nin, de la soci\u00e9t\u00e9 Massala Production<\/li>\n<li>Louise Hentgen, de la soci\u00e9t\u00e9 Vertical Production<\/li>\n<li>David Hurst, de la soci\u00e9t\u00e9 Dublin Films<\/li>\n<li>Christophe Jankovic, de la soci\u00e9t\u00e9 Golem &amp; Linea<\/li>\n<li>Fabrice Marache, de la soci\u00e9t\u00e9 l&rsquo;atelier documentaire<\/li>\n<li>Odile Mendez Bonito, de la soci\u00e9t\u00e9 Corpus Films<\/li>\n<li>Lucie Rego, de la soci\u00e9t\u00e9 Hutong Productions<\/li>\n<li>\u00c9milie Tardif, de la soci\u00e9t\u00e9 Am\u00e9thyste Films<\/li>\n<\/ul>\n<p>Le Bureau est quant \u00e0 lui compos\u00e9 de :<\/p>\n<ul>\n<li>David Hurst, Pr\u00e9sident<\/li>\n<li>Odile Mendez Bonito, Vice Pr\u00e9sidente<\/li>\n<li>Charlotte Gu\u00e9nin, Tr\u00e9sori\u00e8re<\/li>\n<li>Christophe Jankovic, Secr\u00e9taire<\/li>\n<\/ul>\n<p>Enfin, la PE\u00d1A se dote de nouveaux Groupes de Travail<\/p>\n<ol>\n<li>Relations avec l&rsquo;Interprofessionnelle cr\u00e9ation &#8211; production &#8211; industries techniques &#8211; diffusion culturelle de Nouvelle-Aquitaine et Relation avec le Conseil des Professionel-le-s d&rsquo;ALCA\u00a0<\/li>\n<li>Relations avec les institutions et les partenaires de Nouvelle-Aquitaine (collectivit\u00e9s, diffuseurs, etc.)<\/li>\n<li>Relations extraterritoriales (avec les professionnel-le-s et les institutions)<\/li>\n<li>\u00c9v\u00e9nements (Journ\u00e9e PE\u00d1A de Juin, Journ\u00e9e FIFIB en Octobre, Territoire(s) D&rsquo;Images \u00e0 Poitiers en d\u00e9cembre)<\/li>\n<\/ol>\n","protected":false},"excerpt":{"rendered":"<p>Dans le cadre de l&rsquo;Assembl\u00e9e G\u00e9n\u00e9rale qui s&rsquo;est tenue le 15 janvier 2026, la PE\u00d1A a \u00e9lu son nouveau Conseil d&rsquo;Administration ainsi que son Bureau. En voici les compositions. Conseil d&rsquo;Administration : Coralie Dias, de la soci\u00e9t\u00e9 Inter Spinas Charlotte Gu\u00e9nin, de la soci\u00e9t\u00e9 Massala Production Louise Hentgen, de la soci\u00e9t\u00e9 Vertical Production David Hurst,&hellip; <a href=\"https:\/\/produire-en-nouvelle-aquitaine.org\/index.php\/2026\/01\/16\/la-pena-elit-ses-organes-de-gouvernances-et-se-dote-de-groupes-de-travail\/\" class=\"more-link\">Lire la suite <span class=\"screen-reader-text\">La PE\u00d1A proc\u00e8de \u00e0 l&rsquo;\u00e9lection de sa nouvelle gouvernance et se dote de Groupes de Travail<\/span><\/a><\/p>\n","protected":false},"author":1,"featured_media":0,"comment_status":"closed","ping_status":"closed","sticky":false,"template":"","format":"standard","meta":{"footnotes":""},"categories":[4],"tags":[],"_links":{"self":[{"href":"https:\/\/produire-en-nouvelle-aquitaine.org\/index.php\/wp-json\/wp\/v2\/posts\/2676"}],"collection":[{"href":"https:\/\/produire-en-nouvelle-aquitaine.org\/index.php\/wp-json\/wp\/v2\/posts"}],"about":[{"href":"https:\/\/produire-en-nouvelle-aquitaine.org\/index.php\/wp-json\/wp\/v2\/types\/post"}],"author":[{"embeddable":true,"href":"https:\/\/produire-en-nouvelle-aquitaine.org\/index.php\/wp-json\/wp\/v2\/users\/1"}],"replies":[{"embeddable":true,"href":"https:\/\/produire-en-nouvelle-aquitaine.org\/index.php\/wp-json\/wp\/v2\/comments?post=2676"}],"version-history":[{"count":4,"href":"https:\/\/produire-en-nouvelle-aquitaine.org\/index.php\/wp-json\/wp\/v2\/posts\/2676\/revisions"}],"predecessor-version":[{"id":2684,"href":"https:\/\/produire-en-nouvelle-aquitaine.org\/index.php\/wp-json\/wp\/v2\/posts\/2676\/revisions\/2684"}],"wp:attachment":[{"href":"https:\/\/produire-en-nouvelle-aquitaine.org\/index.php\/wp-json\/wp\/v2\/media?parent=2676"}],"wp:term":[{"taxonomy":"category","embeddable":true,"href":"https:\/\/produire-en-nouvelle-aquitaine.org\/index.php\/wp-json\/wp\/v2\/categories?post=2676"},{"taxonomy":"post_tag","embeddable":true,"href":"https:\/\/produire-en-nouvelle-aquitaine.org\/index.php\/wp-json\/wp\/v2\/tags?post=2676"}],"curies":[{"name":"wp","href":"https:\/\/api.w.org\/{rel}","templated":true}]}}