{"id":2616,"date":"2025-06-25T15:10:41","date_gmt":"2025-06-25T13:10:41","guid":{"rendered":"https:\/\/produire-en-nouvelle-aquitaine.org\/?p=2616"},"modified":"2025-06-25T15:19:11","modified_gmt":"2025-06-25T13:19:11","slug":"reecoutez-territoires-dimages-pt-2","status":"publish","type":"post","link":"https:\/\/produire-en-nouvelle-aquitaine.org\/index.php\/2025\/06\/25\/reecoutez-territoires-dimages-pt-2\/","title":{"rendered":"R\u00e9\u00e9coutez Territoire(s) D\u2019Images \u2013 Deuxi\u00e8me Partie"},"content":{"rendered":"\n\n\n<p><img loading=\"lazy\" decoding=\"async\" class=\"alignnone size-full wp-image-2619\" src=\"http:\/\/produire-en-nouvelle-aquitaine.org\/wp-content\/uploads\/2025\/06\/54184616476_09ac304731_o-scaled.jpg\" alt=\"\" width=\"1920\" height=\"2560\" srcset=\"https:\/\/produire-en-nouvelle-aquitaine.org\/wp-content\/uploads\/2025\/06\/54184616476_09ac304731_o-scaled.jpg 1920w, https:\/\/produire-en-nouvelle-aquitaine.org\/wp-content\/uploads\/2025\/06\/54184616476_09ac304731_o-225x300.jpg 225w, https:\/\/produire-en-nouvelle-aquitaine.org\/wp-content\/uploads\/2025\/06\/54184616476_09ac304731_o-768x1024.jpg 768w, https:\/\/produire-en-nouvelle-aquitaine.org\/wp-content\/uploads\/2025\/06\/54184616476_09ac304731_o-1152x1536.jpg 1152w, https:\/\/produire-en-nouvelle-aquitaine.org\/wp-content\/uploads\/2025\/06\/54184616476_09ac304731_o-1536x2048.jpg 1536w\" sizes=\"(max-width: 1920px) 100vw, 1920px\" \/><\/p>\n<!--[if lt IE 9]><script>document.createElement('audio');<\/script><![endif]-->\n<audio class=\"wp-audio-shortcode\" id=\"audio-2616-1\" preload=\"none\" style=\"width: 100%;\" controls=\"controls\"><source type=\"audio\/mpeg\" src=\"http:\/\/produire-en-nouvelle-aquitaine.org\/wp-content\/uploads\/2025\/06\/pena_1.mp3?_=1\" \/><a href=\"http:\/\/produire-en-nouvelle-aquitaine.org\/wp-content\/uploads\/2025\/06\/pena_1.mp3\">http:\/\/produire-en-nouvelle-aquitaine.org\/wp-content\/uploads\/2025\/06\/pena_1.mp3<\/a><\/audio>\n<p>\u00a0<\/p>\n<p>Les 4 et 5 d\u00e9cembre derniers se tenait \u00e0 Poitiers la huiti\u00e8me \u00e9dition de Territoire(s) D\u2019Images durant laquelle plusieurs d\u00e9bats se sont tenus, que nous avons pu enregistrer afin de pouvoir les partager avec le plus grand nombre.\u00a0<\/p>\n<p>Ces enregistrements vont \u00eatre publi\u00e9s dans les jours \u00e0 venir sur notre site internet (et nous relaierons sur nos r\u00e9seaux sociaux).\u00a0<\/p>\n<p>Cette semaine, nous vous proposons de revenir sur la toute premi\u00e8re table ronde de ces deux journ\u00e9es, intitul\u00e9e <strong>Keynote \u2013 Histoire de l\u2019\u00c9conomie du Cin\u00e9ma<\/strong> et dont le sous-titre \u00e9tait : Comment le cin\u00e9ma a cherch\u00e9 l\u2019\u00e9quilibre entre cr\u00e9ation artistique et exigence commerciale au travers de son histoire. Comment s\u2019articulent l\u2019accompagnement et la r\u00e9gulation du march\u00e9 ?<\/p>\n<p>Elle \u00e9tait anim\u00e9e par Michel Gomez, alors en poste \u00e0 la Mission Cin\u00e9ma de la Ville de Paris et par Milena Poylo productrice et co-fondatrice de TS Production.\u00a0<\/p>\n<p>Bonne \u00e9coute \u00e0 tous-tes !<\/p>\n\n\n\n\n","protected":false},"excerpt":{"rendered":"<p>\u00a0 Les 4 et 5 d\u00e9cembre derniers se tenait \u00e0 Poitiers la huiti\u00e8me \u00e9dition de Territoire(s) D\u2019Images durant laquelle plusieurs d\u00e9bats se sont tenus, que nous avons pu enregistrer afin de pouvoir les partager avec le plus grand nombre.\u00a0 Ces enregistrements vont \u00eatre publi\u00e9s dans les jours \u00e0 venir sur notre site internet (et nous&hellip; <a href=\"https:\/\/produire-en-nouvelle-aquitaine.org\/index.php\/2025\/06\/25\/reecoutez-territoires-dimages-pt-2\/\" class=\"more-link\">Lire la suite <span class=\"screen-reader-text\">R\u00e9\u00e9coutez Territoire(s) D\u2019Images \u2013 Deuxi\u00e8me Partie<\/span><\/a><\/p>\n","protected":false},"author":1,"featured_media":0,"comment_status":"closed","ping_status":"closed","sticky":false,"template":"","format":"standard","meta":{"footnotes":""},"categories":[1],"tags":[],"_links":{"self":[{"href":"https:\/\/produire-en-nouvelle-aquitaine.org\/index.php\/wp-json\/wp\/v2\/posts\/2616"}],"collection":[{"href":"https:\/\/produire-en-nouvelle-aquitaine.org\/index.php\/wp-json\/wp\/v2\/posts"}],"about":[{"href":"https:\/\/produire-en-nouvelle-aquitaine.org\/index.php\/wp-json\/wp\/v2\/types\/post"}],"author":[{"embeddable":true,"href":"https:\/\/produire-en-nouvelle-aquitaine.org\/index.php\/wp-json\/wp\/v2\/users\/1"}],"replies":[{"embeddable":true,"href":"https:\/\/produire-en-nouvelle-aquitaine.org\/index.php\/wp-json\/wp\/v2\/comments?post=2616"}],"version-history":[{"count":3,"href":"https:\/\/produire-en-nouvelle-aquitaine.org\/index.php\/wp-json\/wp\/v2\/posts\/2616\/revisions"}],"predecessor-version":[{"id":2622,"href":"https:\/\/produire-en-nouvelle-aquitaine.org\/index.php\/wp-json\/wp\/v2\/posts\/2616\/revisions\/2622"}],"wp:attachment":[{"href":"https:\/\/produire-en-nouvelle-aquitaine.org\/index.php\/wp-json\/wp\/v2\/media?parent=2616"}],"wp:term":[{"taxonomy":"category","embeddable":true,"href":"https:\/\/produire-en-nouvelle-aquitaine.org\/index.php\/wp-json\/wp\/v2\/categories?post=2616"},{"taxonomy":"post_tag","embeddable":true,"href":"https:\/\/produire-en-nouvelle-aquitaine.org\/index.php\/wp-json\/wp\/v2\/tags?post=2616"}],"curies":[{"name":"wp","href":"https:\/\/api.w.org\/{rel}","templated":true}]}}