{"id":2613,"date":"2025-06-16T12:24:59","date_gmt":"2025-06-16T10:24:59","guid":{"rendered":"https:\/\/produire-en-nouvelle-aquitaine.org\/?p=2613"},"modified":"2025-06-16T12:25:35","modified_gmt":"2025-06-16T10:25:35","slug":"reecoutez-territoires-dimages-pt-1","status":"publish","type":"post","link":"https:\/\/produire-en-nouvelle-aquitaine.org\/index.php\/2025\/06\/16\/reecoutez-territoires-dimages-pt-1\/","title":{"rendered":"R\u00e9\u00e9coutez Territoire(s) D&rsquo;Images &#8211; Premi\u00e8re partie"},"content":{"rendered":"\n\n\n<p>Les 4 et 5 d\u00e9cembre derniers se tenait \u00e0 Poitiers la huiti\u00e8me \u00e9dition de Territoire(s) D&rsquo;Images durant laquelle plusieurs d\u00e9bats se sont tenus, que nous avons pu enregistrer afin de pouvoir les partager avec le plus grand nombre.\u00a0<\/p>\n<p>Ces enregistrements vont \u00eatre publi\u00e9s dans les jours \u00e0 venir sur notre site internet (et nous relaierons sur nos r\u00e9seaux sociaux).\u00a0<\/p>\n<p>Pour cette premi\u00e8re \u00e9coute, notre partenaire ALCA a compil\u00e9 la table ronde autour du Court-M\u00e9trage afin de la publier sur la revue en ligne de l&rsquo;Agence : prologue. Vous pourrez \u00e9couter les \u00e9changes <a href=\"https:\/\/prologue-alca.fr\/fr\/actualites\/replay-territoires-d-images\">l\u00e0-bas si vous le souhaitez<\/a>, ou bien vous pouvez le faire avec le lecteur suivant :\u00a0<\/p>\n<p><iframe loading=\"lazy\" src=\"https:\/\/w.soundcloud.com\/player\/?url=https%3A\/\/api.soundcloud.com\/tracks\/2083580232&amp;color=cdf3dc\" width=\"100%\" height=\"166\" frameborder=\"no\" scrolling=\"no\"><\/iframe><\/p>\n<div style=\"font-size: 10px; color: #cccccc; line-break: anywhere; word-break: normal; overflow: hidden; white-space: nowrap; text-overflow: ellipsis; font-family: Interstate,Lucida Grande,Lucida Sans Unicode,Lucida Sans,Garuda,Verdana,Tahoma,sans-serif; font-weight: 100;\"><a style=\"color: #cccccc; text-decoration: none;\" title=\"ALCA Nouvelle-Aquitaine\" href=\"https:\/\/soundcloud.com\/user-588729089\" target=\"_blank\" rel=\"noopener\">ALCA Nouvelle-Aquitaine<\/a> \u00b7 <a style=\"color: #cccccc; text-decoration: none;\" title=\"REPLAY - Territoire(s) d'images - 8\u00e8me \u00e9dition\" href=\"https:\/\/soundcloud.com\/user-588729089\/replay-territoires-dimages-8eme-edition\" target=\"_blank\" rel=\"noopener\">REPLAY &#8211; Territoire(s) d&rsquo;images &#8211; 8\u00e8me \u00e9dition<\/a><\/div>\n<p>Bonne \u00e9coute \u00e0 toutes et \u00e0 tous ! Et \u00e0 tr\u00e8s bient\u00f4t pour un nouvel \u00e9pisode.<\/p>\n","protected":false},"excerpt":{"rendered":"<p>Les 4 et 5 d\u00e9cembre derniers se tenait \u00e0 Poitiers la huiti\u00e8me \u00e9dition de Territoire(s) D&rsquo;Images durant laquelle plusieurs d\u00e9bats se sont tenus, que nous avons pu enregistrer afin de pouvoir les partager avec le plus grand nombre.\u00a0 Ces enregistrements vont \u00eatre publi\u00e9s dans les jours \u00e0 venir sur notre site internet (et nous relaierons&hellip; <a href=\"https:\/\/produire-en-nouvelle-aquitaine.org\/index.php\/2025\/06\/16\/reecoutez-territoires-dimages-pt-1\/\" class=\"more-link\">Lire la suite <span class=\"screen-reader-text\">R\u00e9\u00e9coutez Territoire(s) D&rsquo;Images &#8211; Premi\u00e8re partie<\/span><\/a><\/p>\n","protected":false},"author":1,"featured_media":0,"comment_status":"closed","ping_status":"closed","sticky":false,"template":"","format":"standard","meta":{"footnotes":""},"categories":[4],"tags":[],"_links":{"self":[{"href":"https:\/\/produire-en-nouvelle-aquitaine.org\/index.php\/wp-json\/wp\/v2\/posts\/2613"}],"collection":[{"href":"https:\/\/produire-en-nouvelle-aquitaine.org\/index.php\/wp-json\/wp\/v2\/posts"}],"about":[{"href":"https:\/\/produire-en-nouvelle-aquitaine.org\/index.php\/wp-json\/wp\/v2\/types\/post"}],"author":[{"embeddable":true,"href":"https:\/\/produire-en-nouvelle-aquitaine.org\/index.php\/wp-json\/wp\/v2\/users\/1"}],"replies":[{"embeddable":true,"href":"https:\/\/produire-en-nouvelle-aquitaine.org\/index.php\/wp-json\/wp\/v2\/comments?post=2613"}],"version-history":[{"count":2,"href":"https:\/\/produire-en-nouvelle-aquitaine.org\/index.php\/wp-json\/wp\/v2\/posts\/2613\/revisions"}],"predecessor-version":[{"id":2615,"href":"https:\/\/produire-en-nouvelle-aquitaine.org\/index.php\/wp-json\/wp\/v2\/posts\/2613\/revisions\/2615"}],"wp:attachment":[{"href":"https:\/\/produire-en-nouvelle-aquitaine.org\/index.php\/wp-json\/wp\/v2\/media?parent=2613"}],"wp:term":[{"taxonomy":"category","embeddable":true,"href":"https:\/\/produire-en-nouvelle-aquitaine.org\/index.php\/wp-json\/wp\/v2\/categories?post=2613"},{"taxonomy":"post_tag","embeddable":true,"href":"https:\/\/produire-en-nouvelle-aquitaine.org\/index.php\/wp-json\/wp\/v2\/tags?post=2613"}],"curies":[{"name":"wp","href":"https:\/\/api.w.org\/{rel}","templated":true}]}}