{"id":2595,"date":"2025-05-27T14:30:51","date_gmt":"2025-05-27T12:30:51","guid":{"rendered":"https:\/\/produire-en-nouvelle-aquitaine.org\/?p=2595"},"modified":"2025-06-16T12:14:02","modified_gmt":"2025-06-16T10:14:02","slug":"journee-pena-x-bordeaux-metropole-le-programme-definitif-devoile","status":"publish","type":"post","link":"https:\/\/produire-en-nouvelle-aquitaine.org\/index.php\/2025\/05\/27\/journee-pena-x-bordeaux-metropole-le-programme-definitif-devoile\/","title":{"rendered":"Journ\u00e9e PE\u00d1A X Bordeaux M\u00e9tropole : le programme d\u00e9finitif d\u00e9voil\u00e9"},"content":{"rendered":"\n<p>Le 3 juin prochain \u00e0 la Villa Valmont se tiendra la journ\u00e9e professionnelle PE\u00d1A X Bordeaux M\u00e9tropole. Ce temps d&rsquo;\u00e9change, dont c&rsquo;est la deuxi\u00e8me \u00e9dition, est organis\u00e9 chaque ann\u00e9e au d\u00e9but du mois de Juin dans un lieu de la M\u00e9tropole bordelaise et <strong>en partenariat avec Bordeaux M\u00e9tropole<\/strong> dans le cadre du soutien financier que celle-ci nous accorde.<\/p>\n<p>En 2025, c&rsquo;est \u00e0 nouveau la Villa Valmont qui a \u00e9t\u00e9 pl\u00e9biscit\u00e9 par nos adh\u00e9rent-e-s pour accueillir les d\u00e9bats qui se tiendront entre les professionnel-le-s et leurs partenaires institutionnels.\u00a0<\/p>\n<p>Vous en trouverez ci-dessous le programme d\u00e9taill\u00e9.<\/p>\n<p><img loading=\"lazy\" decoding=\"async\" class=\"alignnone size-full wp-image-2574\" src=\"http:\/\/produire-en-nouvelle-aquitaine.org\/wp-content\/uploads\/2025\/04\/jpbm.png\" alt=\"\" width=\"1587\" height=\"2245\" srcset=\"https:\/\/produire-en-nouvelle-aquitaine.org\/wp-content\/uploads\/2025\/04\/jpbm.png 1587w, https:\/\/produire-en-nouvelle-aquitaine.org\/wp-content\/uploads\/2025\/04\/jpbm-212x300.png 212w, https:\/\/produire-en-nouvelle-aquitaine.org\/wp-content\/uploads\/2025\/04\/jpbm-724x1024.png 724w, https:\/\/produire-en-nouvelle-aquitaine.org\/wp-content\/uploads\/2025\/04\/jpbm-768x1086.png 768w, https:\/\/produire-en-nouvelle-aquitaine.org\/wp-content\/uploads\/2025\/04\/jpbm-1086x1536.png 1086w, https:\/\/produire-en-nouvelle-aquitaine.org\/wp-content\/uploads\/2025\/04\/jpbm-1448x2048.png 1448w\" sizes=\"(max-width: 1587px) 100vw, 1587px\" \/><!--more--><\/p>\n<h2 style=\"text-align: center;\"><strong>Matin\u00e9e<\/strong><\/h2>\n<p><span style=\"font-weight: 400; color: #3366ff;\">09h15-09h30 &#8211; Introduction\u00a0<\/span><\/p>\n<p><span style=\"font-weight: 400; color: #3366ff;\">09h30-11h00 &#8211; Construction de la feuille de route Industries Culturelles et Cr\u00e9atives de Bordeaux M\u00e9tropole<br \/><\/span><span style=\"font-weight: 400;\"><span style=\"color: #800000;\">Diagnostic et pistes de d\u00e9veloppement pour le cin\u00e9ma et l\u2019audiovisuel<\/span><br \/><\/span><span style=\"font-weight: 400;\"><span style=\"color: #808080;\">Pr\u00e9sent\u00e9 par Aur\u00e9lien Binet, Chef de projet \u00e9cosyst\u00e8mes num\u00e9riques \/ industries culturelles et cr\u00e9atives.<\/span><br \/><\/span><span style=\"font-weight: 400;\">Pr\u00e9sentation suivie d\u2019un \u00e9change anim\u00e9 par un-e producteur-ice de la PE\u00d1A.<\/span><\/p>\n<p><span style=\"font-weight: 400; color: #3366ff;\">11h15 &#8211; 12h45 &#8211; Les outils de l\u2019I.A. au service de la cr\u00e9ation<br \/><\/span><span style=\"font-weight: 400;\"><span style=\"color: #800000;\">T\u00e9moignages de professionnel-le-s utilisant d\u00e9j\u00e0 l\u2019I.A. et explication des bouleversements d\u00e9j\u00e0 advenus et \u00e0 venir par un expert<\/span><br \/><\/span><span style=\"font-weight: 400; color: #808080;\">Mod\u00e9ration : un-e producteur-ice de la PE\u00d1A<\/span><\/p>\n<ul>\n<li>\n<p>Xavier Blanc, Professeur en Informatique \u00e0 l&rsquo;Universit\u00e9 de Bordeaux et Directeur du LaBRI (Laboratoire Bordelais de Recherche en Informatique)<\/p>\n<\/li>\n<li>\n<p>Nathan Fischer, Auteur et Studio de Cr\u00e9ation I.A. (Studio Stray Dogs)<\/p>\n<\/li>\n<li>\n<p>Jake Wegesin, R\u00e9alisateur et Animateur 3D<\/p>\n<\/li>\n<\/ul>\n<h2 style=\"text-align: center;\">\u00a0<\/h2>\n<h2 style=\"text-align: center;\"><strong>D\u00e9jeuner offert aux participant-e-s\u00a0 <\/strong><strong>12h45 \u2013 14h15<\/strong><\/h2>\n<h2 style=\"text-align: center;\"><strong>\u00a0<\/strong><\/h2>\n<h2 style=\"text-align: center;\"><strong>Apr\u00e8s-midi<\/strong><\/h2>\n<p><span style=\"font-weight: 400;\"><span style=\"color: #3366ff;\">14h30 &#8211; 16h00 \u2013 Des besoins renforc\u00e9s sur le d\u00e9veloppement des films<\/span><br \/><\/span><span style=\"font-weight: 400;\"><span style=\"color: #800000;\">Quelle strat\u00e9gie et quel positionnement des collectivit\u00e9s territoriales sur cette \u00e9tape d\u00e9cisive pour un projet ?<\/span><br \/><\/span><span style=\"color: #808080;\">Mod\u00e9ration : un-e Producteur-ice de la Pe\u00f1a<\/span><\/p>\n<ul>\n<li style=\"font-weight: 400;\" aria-level=\"1\">\n<p>Aur\u00e9lien Binet, Chef de projet \u00e9cosyst\u00e8mes num\u00e9riques \/ industries culturelles et cr\u00e9atives puis \u00e9change, Bordeaux M\u00e9tropoleFanny Busson, Cheffe du service de la Coop\u00e9ration Territorial, CNC<\/p>\n<\/li>\n<li style=\"font-weight: 400;\" aria-level=\"1\">\n<p>Agn\u00e8s Paratte, Instructrice Gestionnaire &#8211; Fonds de Soutien Cin\u00e9ma et Audiovisuel, R\u00e9gion Nouvelle-Aquitaine<\/p>\n<\/li>\n<li style=\"font-weight: 400;\" aria-level=\"1\">\n<p>Ingrid Florin Muller, Charg\u00e9e de Mission Animation \u00e0 l\u2019ALCA Nouvelle-Aquitaine<\/p>\n<\/li>\n<li style=\"font-weight: 400;\" aria-level=\"1\">\n<p>Jean-Raymond Garcia, Auteur, Membre de La Tribune des Auteurs<\/p>\n<\/li>\n<\/ul>\n<p><span style=\"color: #3366ff;\">16h30-18h \u2013 R\u00e9union \u00e0 huis-clos des membres de la future f\u00e9d\u00e9ration interprofessionnelle cr\u00e9ation-production-diffusion culturelle<\/span><\/p>\n<p>\u00a0<\/p>\n\n\n","protected":false},"excerpt":{"rendered":"<p>Le 3 juin prochain \u00e0 la Villa Valmont se tiendra la journ\u00e9e professionnelle PE\u00d1A X Bordeaux M\u00e9tropole. Ce temps d&rsquo;\u00e9change, dont c&rsquo;est la deuxi\u00e8me \u00e9dition, est organis\u00e9 chaque ann\u00e9e au d\u00e9but du mois de Juin dans un lieu de la M\u00e9tropole bordelaise et en partenariat avec Bordeaux M\u00e9tropole dans le cadre du soutien financier que&hellip; <a href=\"https:\/\/produire-en-nouvelle-aquitaine.org\/index.php\/2025\/05\/27\/journee-pena-x-bordeaux-metropole-le-programme-definitif-devoile\/\" class=\"more-link\">Lire la suite <span class=\"screen-reader-text\">Journ\u00e9e PE\u00d1A X Bordeaux M\u00e9tropole : le programme d\u00e9finitif d\u00e9voil\u00e9<\/span><\/a><\/p>\n","protected":false},"author":1,"featured_media":0,"comment_status":"closed","ping_status":"closed","sticky":false,"template":"","format":"standard","meta":{"footnotes":""},"categories":[4],"tags":[],"_links":{"self":[{"href":"https:\/\/produire-en-nouvelle-aquitaine.org\/index.php\/wp-json\/wp\/v2\/posts\/2595"}],"collection":[{"href":"https:\/\/produire-en-nouvelle-aquitaine.org\/index.php\/wp-json\/wp\/v2\/posts"}],"about":[{"href":"https:\/\/produire-en-nouvelle-aquitaine.org\/index.php\/wp-json\/wp\/v2\/types\/post"}],"author":[{"embeddable":true,"href":"https:\/\/produire-en-nouvelle-aquitaine.org\/index.php\/wp-json\/wp\/v2\/users\/1"}],"replies":[{"embeddable":true,"href":"https:\/\/produire-en-nouvelle-aquitaine.org\/index.php\/wp-json\/wp\/v2\/comments?post=2595"}],"version-history":[{"count":15,"href":"https:\/\/produire-en-nouvelle-aquitaine.org\/index.php\/wp-json\/wp\/v2\/posts\/2595\/revisions"}],"predecessor-version":[{"id":2611,"href":"https:\/\/produire-en-nouvelle-aquitaine.org\/index.php\/wp-json\/wp\/v2\/posts\/2595\/revisions\/2611"}],"wp:attachment":[{"href":"https:\/\/produire-en-nouvelle-aquitaine.org\/index.php\/wp-json\/wp\/v2\/media?parent=2595"}],"wp:term":[{"taxonomy":"category","embeddable":true,"href":"https:\/\/produire-en-nouvelle-aquitaine.org\/index.php\/wp-json\/wp\/v2\/categories?post=2595"},{"taxonomy":"post_tag","embeddable":true,"href":"https:\/\/produire-en-nouvelle-aquitaine.org\/index.php\/wp-json\/wp\/v2\/tags?post=2595"}],"curies":[{"name":"wp","href":"https:\/\/api.w.org\/{rel}","templated":true}]}}