{"id":2569,"date":"2025-04-02T15:43:37","date_gmt":"2025-04-02T13:43:37","guid":{"rendered":"https:\/\/produire-en-nouvelle-aquitaine.org\/?p=2569"},"modified":"2025-04-29T10:11:33","modified_gmt":"2025-04-29T08:11:33","slug":"la-pena-accueille-gastibeltza-filmak","status":"publish","type":"post","link":"https:\/\/produire-en-nouvelle-aquitaine.org\/index.php\/2025\/04\/02\/la-pena-accueille-gastibeltza-filmak\/","title":{"rendered":"La PE\u00d1A accueille Gastibeltza Filmak"},"content":{"rendered":"\n<table style=\"border-collapse: collapse; width: 100%;\">\n<tbody>\n<tr>\n<td style=\"width: 50%;\"><img loading=\"lazy\" decoding=\"async\" class=\"alignnone size-full wp-image-2567\" src=\"http:\/\/produire-en-nouvelle-aquitaine.org\/wp-content\/uploads\/2025\/04\/GASTIBELTZA-LOGO-X.jpg\" alt=\"\" width=\"875\" height=\"318\" srcset=\"https:\/\/produire-en-nouvelle-aquitaine.org\/wp-content\/uploads\/2025\/04\/GASTIBELTZA-LOGO-X.jpg 875w, https:\/\/produire-en-nouvelle-aquitaine.org\/wp-content\/uploads\/2025\/04\/GASTIBELTZA-LOGO-X-300x109.jpg 300w, https:\/\/produire-en-nouvelle-aquitaine.org\/wp-content\/uploads\/2025\/04\/GASTIBELTZA-LOGO-X-768x279.jpg 768w\" sizes=\"(max-width: 875px) 100vw, 875px\" \/><\/td>\n<td style=\"width: 50%;\">\u00a0<\/td>\n<\/tr>\n<\/tbody>\n<\/table>\n<blockquote>\n<p>Notre volont\u00e9 est de promouvoir et d\u00e9velopper un cin\u00e9ma d\u2019auteur au Pays Basque, afin de repr\u00e9senter la diversit\u00e9 de points de vue, de d\u00e9marches et de cultures dans le paysage audiovisuel. Nous sommes anim\u00e9s par le d\u00e9sir de proposer aux spectateurs des sujets forts, qui les rassemblent, et les interrogent sur le monde. Nous fabriquons nos films majoritairement en coproduction internationale.<\/p>\n<\/blockquote>\n<ul>\n<li>2 Terrasses Claude Shannon &#8211; Izarbel, 64210 Bidart<\/li>\n<li>Ann\u00e9e de cr\u00e9ation : 2018<\/li>\n<li>Fiction et documentaires de cr\u00e9ation. Courts et longs-m\u00e9trages pour le cin\u00e9ma et la t\u00e9l\u00e9vision. La soci\u00e9t\u00e9 g\u00e8re \u00e9galement une activit\u00e9 de distribution.<\/li>\n<\/ul>\n<p>\u00a0<\/p>\n<ul>\n<li>Site Web : <a href=\"http:\/\/www.gastibeltza.eus\/\" target=\"_blank\" rel=\"noopener\" data-saferedirecturl=\"https:\/\/www.google.com\/url?q=http:\/\/www.gastibeltza.eus&amp;source=gmail&amp;ust=1743600648661000&amp;usg=AOvVaw1ogMgsn3k0_G8BfQC1W1kX\">www.gastibeltza.eus<\/a> (en construction)<\/li>\n<li>R\u00e9seaux Sociaux :\u00a0\n<ul>\n<li><a href=\"https:\/\/www.instagram.com\/gastibeltza\/\">Instagram<\/a><\/li>\n<li><a href=\"https:\/\/www.facebook.com\/gastibeltza.filmak.5\/\">Facebook<\/a>\u00a0<\/li>\n<li><a href=\"_wp_link_placeholder\" data-wplink-edit=\"true\">Bluesky<\/a><\/li>\n<\/ul>\n<\/li>\n<\/ul>\n","protected":false},"excerpt":{"rendered":"<p>\u00a0 Notre volont\u00e9 est de promouvoir et d\u00e9velopper un cin\u00e9ma d\u2019auteur au Pays Basque, afin de repr\u00e9senter la diversit\u00e9 de points de vue, de d\u00e9marches et de cultures dans le paysage audiovisuel. Nous sommes anim\u00e9s par le d\u00e9sir de proposer aux spectateurs des sujets forts, qui les rassemblent, et les interrogent sur le monde. Nous&hellip; <a href=\"https:\/\/produire-en-nouvelle-aquitaine.org\/index.php\/2025\/04\/02\/la-pena-accueille-gastibeltza-filmak\/\" class=\"more-link\">Lire la suite <span class=\"screen-reader-text\">La PE\u00d1A accueille Gastibeltza Filmak<\/span><\/a><\/p>\n","protected":false},"author":1,"featured_media":0,"comment_status":"closed","ping_status":"closed","sticky":false,"template":"","format":"standard","meta":{"footnotes":""},"categories":[4,5,8],"tags":[],"_links":{"self":[{"href":"https:\/\/produire-en-nouvelle-aquitaine.org\/index.php\/wp-json\/wp\/v2\/posts\/2569"}],"collection":[{"href":"https:\/\/produire-en-nouvelle-aquitaine.org\/index.php\/wp-json\/wp\/v2\/posts"}],"about":[{"href":"https:\/\/produire-en-nouvelle-aquitaine.org\/index.php\/wp-json\/wp\/v2\/types\/post"}],"author":[{"embeddable":true,"href":"https:\/\/produire-en-nouvelle-aquitaine.org\/index.php\/wp-json\/wp\/v2\/users\/1"}],"replies":[{"embeddable":true,"href":"https:\/\/produire-en-nouvelle-aquitaine.org\/index.php\/wp-json\/wp\/v2\/comments?post=2569"}],"version-history":[{"count":1,"href":"https:\/\/produire-en-nouvelle-aquitaine.org\/index.php\/wp-json\/wp\/v2\/posts\/2569\/revisions"}],"predecessor-version":[{"id":2570,"href":"https:\/\/produire-en-nouvelle-aquitaine.org\/index.php\/wp-json\/wp\/v2\/posts\/2569\/revisions\/2570"}],"wp:attachment":[{"href":"https:\/\/produire-en-nouvelle-aquitaine.org\/index.php\/wp-json\/wp\/v2\/media?parent=2569"}],"wp:term":[{"taxonomy":"category","embeddable":true,"href":"https:\/\/produire-en-nouvelle-aquitaine.org\/index.php\/wp-json\/wp\/v2\/categories?post=2569"},{"taxonomy":"post_tag","embeddable":true,"href":"https:\/\/produire-en-nouvelle-aquitaine.org\/index.php\/wp-json\/wp\/v2\/tags?post=2569"}],"curies":[{"name":"wp","href":"https:\/\/api.w.org\/{rel}","templated":true}]}}