{"id":2493,"date":"2024-10-15T11:52:20","date_gmt":"2024-10-15T09:52:20","guid":{"rendered":"https:\/\/produire-en-nouvelle-aquitaine.org\/?p=2493"},"modified":"2025-03-05T15:09:39","modified_gmt":"2025-03-05T14:09:39","slug":"pre-programme-de-la-huitieme-edition-de-territoires-dimages","status":"publish","type":"post","link":"https:\/\/produire-en-nouvelle-aquitaine.org\/index.php\/2024\/10\/15\/pre-programme-de-la-huitieme-edition-de-territoires-dimages\/","title":{"rendered":"Pr\u00e9 Programme de la huiti\u00e8me \u00e9dition de Territoire(s) D&rsquo;Images"},"content":{"rendered":"\n\n\n<h1><img loading=\"lazy\" decoding=\"async\" class=\"alignnone size-full wp-image-2502\" src=\"http:\/\/produire-en-nouvelle-aquitaine.org\/wp-content\/uploads\/2024\/10\/affiche1.png\" alt=\"\" width=\"1587\" height=\"2245\" srcset=\"https:\/\/produire-en-nouvelle-aquitaine.org\/wp-content\/uploads\/2024\/10\/affiche1.png 1587w, https:\/\/produire-en-nouvelle-aquitaine.org\/wp-content\/uploads\/2024\/10\/affiche1-212x300.png 212w, https:\/\/produire-en-nouvelle-aquitaine.org\/wp-content\/uploads\/2024\/10\/affiche1-724x1024.png 724w, https:\/\/produire-en-nouvelle-aquitaine.org\/wp-content\/uploads\/2024\/10\/affiche1-768x1086.png 768w, https:\/\/produire-en-nouvelle-aquitaine.org\/wp-content\/uploads\/2024\/10\/affiche1-1086x1536.png 1086w, https:\/\/produire-en-nouvelle-aquitaine.org\/wp-content\/uploads\/2024\/10\/affiche1-1448x2048.png 1448w\" sizes=\"(max-width: 1587px) 100vw, 1587px\" \/><\/h1>\n<p><!--nextpage--><\/p>\n<h1 style=\"text-align: center;\">TERRITOIRE(S) D\u2019IMAGES 2024<\/h1>\n<h3 style=\"text-align: center;\">8<sup>\u00e8me<\/sup> \u00e9dition\u00a0: 4 et 5 d\u00e9cembre 2024<\/h3>\n<p style=\"text-align: center;\">Amphith\u00e9\u00e2tre de la M\u00e9diath\u00e8que Fran\u00e7ois Mitterrand, Poitiers<\/p>\n<h1 style=\"text-align: center;\">Fili\u00e8re cin\u00e9ma et audiovisuelle\u00a0: peut-on s\u00e9parer l\u2019art de l\u2019industrie\u00a0?<\/h1>\n<p>\u00a0<\/p>\n<h2 style=\"text-align: center;\">JOUR 1 \u2013 Mercredi 4 d\u00e9cembre<\/h2>\n<p style=\"text-align: center;\"><span style=\"color: #008000;\"><strong>Matin (sur invitation)<\/strong><\/span><\/p>\n<p><span style=\"color: #0000ff;\"><strong>\u00a0<\/strong><strong>9h30 \u2013 12h\u00a0: Moment d\u2019\u00e9change entre les professionnels et les collectivit\u00e9s territoriales<br \/><\/strong><strong>(Plateau B du TAP)<\/strong><\/span><\/p>\n<p>\u00a0<\/p>\n<p style=\"text-align: center;\"><span style=\"color: #008000;\"><strong>Apr\u00e8s-midi (ouvert au public)<\/strong><\/span><\/p>\n<p><span style=\"color: #0000ff;\"><strong>13h30 \u2013 15h00\u00a0: Keynote \u2013 Histoire de l\u2019\u00c9conomie du Cin\u00e9ma <br \/><\/strong><\/span><span style=\"color: #993300;\">Comment le cin\u00e9ma a cherch\u00e9 l\u2019\u00e9quilibre entre cr\u00e9ation artistique et exigence commerciale au travers de son histoire. Comment s\u2019articulent l\u2019accompagnement et la r\u00e9gulation du march\u00e9\u00a0?<\/span><\/p>\n<ul>\n<li>Michel Gomez, Universitaire en poste \u00e0 la Ville de Paris pour la Mission Cin\u00e9ma<\/li>\n<li>Milena Poylo, poductrice et cofondatrice de TS Production<\/li>\n<\/ul>\n<p>\u00a0<\/p>\n<p><strong><span style=\"color: #0000ff;\">15h \u2013 16h30 : Diff\u00e9rents mod\u00e8les de soutien \u00e0 l\u2019industrie en France<\/span> <br \/><\/strong><span style=\"color: #800000;\">Pr\u00e9sentation de diff\u00e9rents mod\u00e8les fran\u00e7ais suivi d\u2019un d\u00e9bat. Les deux pr\u00e9sentateur-ice-s de la keynote restent pour r\u00e9agir.<\/span><br \/><span style=\"color: #808080;\">Mod\u00e9ration : C\u00e9line Hautier, d\u00e9l\u00e9gu\u00e9e Animation et Court M\u00e9trage au SPI<\/span><\/p>\n<ul>\n<li>Aur\u00e9lien Binet, Chef de projet e\u0301cosyste\u0300mes nume\u0301riques \/ industries culturelles et cre\u0301atives, Bordeaux Me\u0301tropole<\/li>\n<li>Pierre Dallois, Responsable Cre\u0301ation, CICLIC (Centre &#8211; Val de Loire)<\/li>\n<li>Pierre Da Silva, Responsable Unite\u0301 Cine\u0301ma et Audiovisuel, Re\u0301gion Nouvelle-Aquitaine<br \/><strong style=\"font-size: revert; color: initial; font-family: -apple-system, BlinkMacSystemFont, 'Segoe UI', Roboto, Oxygen-Sans, Ubuntu, Cantarell, 'Helvetica Neue', sans-serif;\">\u00a0<\/strong><\/li>\n<\/ul>\n<p><span style=\"color: #0000ff;\"><strong>17h30 \u2013 19h : Projection au TAP Castille<\/strong><\/span><\/p>\n<ul>\n<li><em>Soleil Gris<\/em>, court-m\u00e9trage d\u2019animation de Camille Monnier, produit par Novanima<\/li>\n<li><em>Les Cimes<\/em>, court-m\u00e9trage de fiction de Lucie Prince, produit par SMAC<\/li>\n<\/ul>\n<p>Projection suivie par une discussion en pr\u00e9sence de producteur-ice-s.<\/p>\n<p><strong>\u00a0<\/strong><\/p>\n<p><strong>\u00a0<\/strong><strong>\u00a0<\/strong><\/p>\n<h2 style=\"text-align: center;\"><strong>JOUR\u00a02 \u2013 Jeudi 5 d\u00e9cembre<\/strong><\/h2>\n<p style=\"text-align: center;\"><strong>\u00a0<\/strong><span style=\"color: #008000;\"><strong>Matin (ouvert au public)<\/strong><\/span><\/p>\n<p><span style=\"color: #0000ff;\"><strong>9h30 \u2013 11h45 : Table ronde Court M\u00e9trage \u2013 De la r\u00e9sidence \u00e0 la diffusion (\u00e0 chapitrer)<br \/><\/strong><\/span><span style=\"font-size: revert; color: initial; font-family: -apple-system, BlinkMacSystemFont, 'Segoe UI', Roboto, Oxygen-Sans, Ubuntu, Cantarell, 'Helvetica Neue', sans-serif;\"><span style=\"color: #800000;\">Point d\u2019e\u0301tape sur les nouveaux dispositifs du CNC<\/span><br \/><\/span><span style=\"color: #800000; font-family: -apple-system, BlinkMacSystemFont, 'Segoe UI', Roboto, Oxygen-Sans, Ubuntu, Cantarell, 'Helvetica Neue', sans-serif; font-size: revert;\">Temps 1 : cr\u00e9ation, le r\u00f4le des r\u00e9sidences d\u2019auteur-ice-s<br \/><\/span><span style=\"color: #800000; font-family: -apple-system, BlinkMacSystemFont, 'Segoe UI', Roboto, Oxygen-Sans, Ubuntu, Cantarell, 'Helvetica Neue', sans-serif; font-size: revert;\">Temps 2 : production, la relation auteur-ice &#8211; producteur-ice<br \/><\/span><span style=\"color: #800000; font-family: -apple-system, BlinkMacSystemFont, 'Segoe UI', Roboto, Oxygen-Sans, Ubuntu, Cantarell, 'Helvetica Neue', sans-serif; font-size: revert;\">Temps 3 : diffusion, les actions des festivals<br \/><\/span><span style=\"color: #808080; font-family: -apple-system, BlinkMacSystemFont, 'Segoe UI', Roboto, Oxygen-Sans, Ubuntu, Cantarell, 'Helvetica Neue', sans-serif; font-size: revert;\">Mod\u00e9ration : Marie Lesay, Rue de la Sardine<\/span><\/p>\n<ul>\n<li>Herv\u00e9 Bonnet, concepteur de la plateforme Plateforme Comett et Directeur du BAT 47<\/li>\n<li>Am\u00e9lie Chatellier, D\u00e9l\u00e9gu\u00e9e G\u00e9n\u00e9rale, Agence du Court M\u00e9trage<\/li>\n<li>S\u00e9bastien De Fonseca, Secr\u00e9taire G\u00e9n\u00e9ral du Festival C\u00f4t\u00e9 Court de Pantin<\/li>\n<li>Serge Elissalde, auteur-r\u00e9alisateur<\/li>\n<li>Nadia Le Bihen, Charge\u0301e de Mission, Commission Autres Films (AVR2) au CNC<\/li>\n<li>Fabrice Marquat, Charg\u00e9 de Mission Court-M\u00e9trage \u00e0 l\u2019Agence ALCA<\/li>\n<li>Emin\u00e9 Seker, Directrice du Centre de R\u00e9sidence \u00c9criture \u00e0 l\u2019Image \u00e0 Saint-Quirin<\/li>\n<li>Ethan Selcer, Quartett Production<\/li>\n<\/ul>\n<p>\u00a0<\/p>\n<p><span style=\"color: #0000ff;\"><strong>11h45 \u2013 12h : Pr\u00e9sentation du FIPADOC et de l\u2019accompagnement des professionnels \u00e0 Biarritz par Bastien Gaucl\u00e8re, responsable du FIPDOC Pro<\/strong><\/span><\/p>\n<p>\u00a0<\/p>\n<p style=\"text-align: center;\"><span style=\"color: #008000;\"><strong>Apr\u00e8s-midi (ouvert au public)<\/strong><\/span><\/p>\n<p><span style=\"color: #0000ff;\"><strong>13h45 \u2013 15h\u00a0: Atelier SRF X Territoire(s) D\u2019Images<br \/><\/strong><\/span><span style=\"color: #808080;\">Mod\u00e9ration : Caroline Hallier, autrice adh\u00e9rent SRF<br \/><\/span><span style=\"color: #800000;\">Partage d\u2019exp\u00e9riences d\u2019auteur-ice-s : comment int\u00e9grer les contraintes \u00e9conomiques au processus cr\u00e9atif cin\u00e9matographique ?<\/span><\/p>\n<ul>\n<li><span style=\"color: #000000;\">Serge Elissalde, Auteur-R\u00e9alisateur<\/span><\/li>\n<li>Rapha\u00eblle Rio, Autrice-R\u00e9alisatrice<\/li>\n<li>Marthe S\u00e9bille, Autrice-R\u00e9alisatrice<\/li>\n<\/ul>\n<p><strong>\u00a0<\/strong><\/p>\n<p><span style=\"color: #0000ff;\"><strong>15h15 \u2013 17h Partage d\u2019exp\u00e9rience crois\u00e9\u00a0\u2013 Deux producteur-ice-s aux profils diff\u00e9rents et compl\u00e9mentaires<br \/><\/strong><\/span><span style=\"color: #808080;\">Mod\u00e9ration\u00a0: Un-e Producteur-ice de la PE\u00d1A<\/span><\/p>\n<p>&#8211; Jos\u00e9phine Mourlaque, Mabel Films<br \/>&#8211; Thomas Jaegger, Haiku Films\u00a0<\/p>\n<ul>\n<li>Comment ils sont arriv\u00e9s l\u00e0\u00a0?<\/li>\n<li>Quels sont leurs process\u00a0?<\/li>\n<li>Quel rapport \u00e0 leur r\u00e9gion\u00a0<\/li>\n<li>Comment ils se projettent\u00a0?<\/li>\n<\/ul>\n<p>\u00a0<\/p>\n<p><span style=\"color: #0000ff;\"><strong>17h \u2013 17h30\u00a0: Conclusion<\/strong><\/span><\/p>\n<p>\u00a0<\/p>\n<p>\u00a0<\/p>\n<p>\u00a0<\/p>\n","protected":false},"excerpt":{"rendered":"","protected":false},"author":1,"featured_media":0,"comment_status":"closed","ping_status":"closed","sticky":false,"template":"","format":"standard","meta":{"footnotes":""},"categories":[4],"tags":[],"_links":{"self":[{"href":"https:\/\/produire-en-nouvelle-aquitaine.org\/index.php\/wp-json\/wp\/v2\/posts\/2493"}],"collection":[{"href":"https:\/\/produire-en-nouvelle-aquitaine.org\/index.php\/wp-json\/wp\/v2\/posts"}],"about":[{"href":"https:\/\/produire-en-nouvelle-aquitaine.org\/index.php\/wp-json\/wp\/v2\/types\/post"}],"author":[{"embeddable":true,"href":"https:\/\/produire-en-nouvelle-aquitaine.org\/index.php\/wp-json\/wp\/v2\/users\/1"}],"replies":[{"embeddable":true,"href":"https:\/\/produire-en-nouvelle-aquitaine.org\/index.php\/wp-json\/wp\/v2\/comments?post=2493"}],"version-history":[{"count":14,"href":"https:\/\/produire-en-nouvelle-aquitaine.org\/index.php\/wp-json\/wp\/v2\/posts\/2493\/revisions"}],"predecessor-version":[{"id":2545,"href":"https:\/\/produire-en-nouvelle-aquitaine.org\/index.php\/wp-json\/wp\/v2\/posts\/2493\/revisions\/2545"}],"wp:attachment":[{"href":"https:\/\/produire-en-nouvelle-aquitaine.org\/index.php\/wp-json\/wp\/v2\/media?parent=2493"}],"wp:term":[{"taxonomy":"category","embeddable":true,"href":"https:\/\/produire-en-nouvelle-aquitaine.org\/index.php\/wp-json\/wp\/v2\/categories?post=2493"},{"taxonomy":"post_tag","embeddable":true,"href":"https:\/\/produire-en-nouvelle-aquitaine.org\/index.php\/wp-json\/wp\/v2\/tags?post=2493"}],"curies":[{"name":"wp","href":"https:\/\/api.w.org\/{rel}","templated":true}]}}