{"id":2432,"date":"2023-10-16T15:57:13","date_gmt":"2023-10-16T13:57:13","guid":{"rendered":"http:\/\/produire-en-nouvelle-aquitaine.org\/?p=2432"},"modified":"2024-06-04T11:41:16","modified_gmt":"2024-06-04T09:41:16","slug":"territoires-dimages-7eme-edition-decentralisation-et-initiative-regionale","status":"publish","type":"post","link":"https:\/\/produire-en-nouvelle-aquitaine.org\/index.php\/2023\/10\/16\/territoires-dimages-7eme-edition-decentralisation-et-initiative-regionale\/","title":{"rendered":"Territoire(s) D&rsquo;Images, 7\u00e8me \u00c9dition : D\u00e9centralisation et Initiative R\u00e9gionale"},"content":{"rendered":"\n\n\n<p><img loading=\"lazy\" decoding=\"async\" class=\"aligncenter wp-image-2434 size-full\" src=\"http:\/\/produire-en-nouvelle-aquitaine.org\/wp-content\/uploads\/2023\/09\/ti23-rrss.jpg\" alt=\"\" width=\"1000\" height=\"1000\" srcset=\"https:\/\/produire-en-nouvelle-aquitaine.org\/wp-content\/uploads\/2023\/09\/ti23-rrss.jpg 1000w, https:\/\/produire-en-nouvelle-aquitaine.org\/wp-content\/uploads\/2023\/09\/ti23-rrss-300x300.jpg 300w, https:\/\/produire-en-nouvelle-aquitaine.org\/wp-content\/uploads\/2023\/09\/ti23-rrss-150x150.jpg 150w, https:\/\/produire-en-nouvelle-aquitaine.org\/wp-content\/uploads\/2023\/09\/ti23-rrss-768x768.jpg 768w, https:\/\/produire-en-nouvelle-aquitaine.org\/wp-content\/uploads\/2023\/09\/ti23-rrss-180x180.jpg 180w\" sizes=\"(max-width: 1000px) 100vw, 1000px\" \/><\/p>\n<p class=\"p1\" align=\"justify\">Pour la septi\u00e8me ann\u00e9e cons\u00e9cutive, la Pe\u00f1a organise Territoire(s) D&rsquo;Images, l&rsquo;\u00e9v\u00e9nement annuel d\u00e9di\u00e9 \u00e0 la fili\u00e8re audiovisuelle et cin\u00e9ma en R\u00e9gion aura lieu pour la premi\u00e8re fois \u00e0 Poitiers, en parall\u00e8le du PFF les mercredi 6 et jeudi 7 d\u00e9cembre. La manifestation est organis\u00e9e une fois de plus en partenariat avec l\u2019Agence ALCA et avec le soutien de la R\u00e9gion Nouvelle-Aquitaine et de la DRAC Nouvelle-Aquitaine.<\/p>\n<p class=\"p1\" style=\"text-align: left;\">Nous vous attendons nombreux et nombreuses ! (Programme d\u00e9taill\u00e9 \u00e0 venir prochainement).<\/p>\n","protected":false},"excerpt":{"rendered":"<p>Pour la septi\u00e8me ann\u00e9e cons\u00e9cutive, la Pe\u00f1a organise Territoire(s) D&rsquo;Images, l&rsquo;\u00e9v\u00e9nement annuel d\u00e9di\u00e9 \u00e0 la fili\u00e8re audiovisuelle et cin\u00e9ma en R\u00e9gion aura lieu pour la premi\u00e8re fois \u00e0 Poitiers, en parall\u00e8le du PFF les mercredi 6 et jeudi 7 d\u00e9cembre. La manifestation est organis\u00e9e une fois de plus en partenariat avec l\u2019Agence ALCA et avec&hellip; <a href=\"https:\/\/produire-en-nouvelle-aquitaine.org\/index.php\/2023\/10\/16\/territoires-dimages-7eme-edition-decentralisation-et-initiative-regionale\/\" class=\"more-link\">Lire la suite <span class=\"screen-reader-text\">Territoire(s) D&rsquo;Images, 7\u00e8me \u00c9dition : D\u00e9centralisation et Initiative R\u00e9gionale<\/span><\/a><\/p>\n","protected":false},"author":1,"featured_media":0,"comment_status":"closed","ping_status":"closed","sticky":false,"template":"","format":"standard","meta":{"footnotes":""},"categories":[4],"tags":[],"_links":{"self":[{"href":"https:\/\/produire-en-nouvelle-aquitaine.org\/index.php\/wp-json\/wp\/v2\/posts\/2432"}],"collection":[{"href":"https:\/\/produire-en-nouvelle-aquitaine.org\/index.php\/wp-json\/wp\/v2\/posts"}],"about":[{"href":"https:\/\/produire-en-nouvelle-aquitaine.org\/index.php\/wp-json\/wp\/v2\/types\/post"}],"author":[{"embeddable":true,"href":"https:\/\/produire-en-nouvelle-aquitaine.org\/index.php\/wp-json\/wp\/v2\/users\/1"}],"replies":[{"embeddable":true,"href":"https:\/\/produire-en-nouvelle-aquitaine.org\/index.php\/wp-json\/wp\/v2\/comments?post=2432"}],"version-history":[{"count":1,"href":"https:\/\/produire-en-nouvelle-aquitaine.org\/index.php\/wp-json\/wp\/v2\/posts\/2432\/revisions"}],"predecessor-version":[{"id":2435,"href":"https:\/\/produire-en-nouvelle-aquitaine.org\/index.php\/wp-json\/wp\/v2\/posts\/2432\/revisions\/2435"}],"wp:attachment":[{"href":"https:\/\/produire-en-nouvelle-aquitaine.org\/index.php\/wp-json\/wp\/v2\/media?parent=2432"}],"wp:term":[{"taxonomy":"category","embeddable":true,"href":"https:\/\/produire-en-nouvelle-aquitaine.org\/index.php\/wp-json\/wp\/v2\/categories?post=2432"},{"taxonomy":"post_tag","embeddable":true,"href":"https:\/\/produire-en-nouvelle-aquitaine.org\/index.php\/wp-json\/wp\/v2\/tags?post=2432"}],"curies":[{"name":"wp","href":"https:\/\/api.w.org\/{rel}","templated":true}]}}