{"id":2366,"date":"2023-02-10T16:15:47","date_gmt":"2023-02-10T15:15:47","guid":{"rendered":"http:\/\/produire-en-nouvelle-aquitaine.org\/?p=2366"},"modified":"2023-02-10T17:26:49","modified_gmt":"2023-02-10T16:26:49","slug":"la-pena-elit-son-nouveau-c-a-ainsi-que-son-bureau","status":"publish","type":"post","link":"https:\/\/produire-en-nouvelle-aquitaine.org\/index.php\/2023\/02\/10\/la-pena-elit-son-nouveau-c-a-ainsi-que-son-bureau\/","title":{"rendered":"La Pe\u00f1a \u00e9lit son nouveau C.A. ainsi que son Bureau"},"content":{"rendered":"<p>Apr\u00e8s l&rsquo;Assembl\u00e9e G\u00e9n\u00e9rale Extraordinaire qui s&rsquo;est tenue le 9 f\u00e9vrier 2023, la Pe\u00f1a a \u00e9lu son nouveau Conseil d&rsquo;Administration. En voici la composition :<\/p>\n<ul>\n<li>Fran\u00e7ois-Pierre Clavel, de la soci\u00e9t\u00e9 KIDAM<\/li>\n<li>Marc Faye, de la soci\u00e9t\u00e9 Novanima<\/li>\n<li>Charlotte Gu\u00e9nin, de la soci\u00e9t\u00e9 Massala Production<\/li>\n<li>Louise Hentgen, de la soci\u00e9t\u00e9 Vertical Productions<\/li>\n<li>David Hurst, de la soci\u00e9t\u00e9 Dublin Films<\/li>\n<li>Christophe Jankovic, de la soci\u00e9t\u00e9 Golem &amp; Linea<\/li>\n<li>Christophe Lafont, de la soci\u00e9t\u00e9 Poetikfilm<\/li>\n<li>Marie Lesay de la soci\u00e9t\u00e9 Rue de la Sardine<\/li>\n<li>Rapha\u00ebl Pillosio, de la soci\u00e9t\u00e9 l&rsquo;atelier documentaire<\/li>\n<\/ul>\n<p>Le Conseil d&rsquo;Administration a ensuite \u00e9lu le Bureau qui est compos\u00e9 comme suit :<\/p>\n<ul>\n<li>David Hurst, co-pr\u00e9sident<\/li>\n<li>Charlotte Gu\u00e9nin, co-pr\u00e9sidente<\/li>\n<li>Fran\u00e7ois-Pierre Clavel, secr\u00e9taire<\/li>\n<li>Marc Faye, tr\u00e9sorier<\/li>\n<\/ul>\n<p>Ces changements sont effectifs d\u00e8s le 10 f\u00e9vrier 2023.<\/p>\n","protected":false},"excerpt":{"rendered":"<p>Apr\u00e8s l&rsquo;Assembl\u00e9e G\u00e9n\u00e9rale Extraordinaire qui s&rsquo;est tenue le 9 f\u00e9vrier 2023, la Pe\u00f1a a \u00e9lu son nouveau Conseil d&rsquo;Administration. En voici la composition : Fran\u00e7ois-Pierre Clavel, de la soci\u00e9t\u00e9 KIDAM Marc Faye, de la soci\u00e9t\u00e9 Novanima Charlotte Gu\u00e9nin, de la soci\u00e9t\u00e9 Massala Production Louise Hentgen, de la soci\u00e9t\u00e9 Vertical Productions David Hurst, de la soci\u00e9t\u00e9&hellip; <a href=\"https:\/\/produire-en-nouvelle-aquitaine.org\/index.php\/2023\/02\/10\/la-pena-elit-son-nouveau-c-a-ainsi-que-son-bureau\/\" class=\"more-link\">Lire la suite <span class=\"screen-reader-text\">La Pe\u00f1a \u00e9lit son nouveau C.A. ainsi que son Bureau<\/span><\/a><\/p>\n","protected":false},"author":1,"featured_media":0,"comment_status":"closed","ping_status":"closed","sticky":false,"template":"","format":"standard","meta":{"footnotes":""},"categories":[1],"tags":[],"_links":{"self":[{"href":"https:\/\/produire-en-nouvelle-aquitaine.org\/index.php\/wp-json\/wp\/v2\/posts\/2366"}],"collection":[{"href":"https:\/\/produire-en-nouvelle-aquitaine.org\/index.php\/wp-json\/wp\/v2\/posts"}],"about":[{"href":"https:\/\/produire-en-nouvelle-aquitaine.org\/index.php\/wp-json\/wp\/v2\/types\/post"}],"author":[{"embeddable":true,"href":"https:\/\/produire-en-nouvelle-aquitaine.org\/index.php\/wp-json\/wp\/v2\/users\/1"}],"replies":[{"embeddable":true,"href":"https:\/\/produire-en-nouvelle-aquitaine.org\/index.php\/wp-json\/wp\/v2\/comments?post=2366"}],"version-history":[{"count":2,"href":"https:\/\/produire-en-nouvelle-aquitaine.org\/index.php\/wp-json\/wp\/v2\/posts\/2366\/revisions"}],"predecessor-version":[{"id":2368,"href":"https:\/\/produire-en-nouvelle-aquitaine.org\/index.php\/wp-json\/wp\/v2\/posts\/2366\/revisions\/2368"}],"wp:attachment":[{"href":"https:\/\/produire-en-nouvelle-aquitaine.org\/index.php\/wp-json\/wp\/v2\/media?parent=2366"}],"wp:term":[{"taxonomy":"category","embeddable":true,"href":"https:\/\/produire-en-nouvelle-aquitaine.org\/index.php\/wp-json\/wp\/v2\/categories?post=2366"},{"taxonomy":"post_tag","embeddable":true,"href":"https:\/\/produire-en-nouvelle-aquitaine.org\/index.php\/wp-json\/wp\/v2\/tags?post=2366"}],"curies":[{"name":"wp","href":"https:\/\/api.w.org\/{rel}","templated":true}]}}