{"id":2353,"date":"2022-11-09T16:13:05","date_gmt":"2022-11-09T15:13:05","guid":{"rendered":"http:\/\/produire-en-nouvelle-aquitaine.org\/?p=2353"},"modified":"2022-12-04T10:44:33","modified_gmt":"2022-12-04T09:44:33","slug":"territoires-dimages-2022-le-programme","status":"publish","type":"post","link":"https:\/\/produire-en-nouvelle-aquitaine.org\/index.php\/2022\/11\/09\/territoires-dimages-2022-le-programme\/","title":{"rendered":"Territoire(s) D&rsquo;Images 2022 &#8211; Le Programme"},"content":{"rendered":"<h1 style=\"text-align: center;\"><span style=\"color: #ff0000;\">POUR CAUSE DE GR\u00c8VE SNCF, DE COVID ET D&rsquo;INCIDENT SUR LA LIGNE PARIS LIMOGES, TERRITOIRE(S) D&rsquo;IMAGES EST MALHEUREUSEMENT REPORT\u00c9. NOUS VOUS TIENDRONS INFORM\u00c9-ES.<\/span><\/h1>\n<hr \/>\n<h1 style=\"text-align: center;\"><span style=\"font-size: 36pt;\">TERRITOIRE(S) D\u2019IMAGES 2022<\/span><\/h1>\n<h3 style=\"text-align: center;\">6<sup>\u00e8me<\/sup> \u00e9dition\u00a0: 5 et 6 d\u00e9cembre<br \/>\nCentre Culturel Jean Gagnant, Limoges<\/h3>\n<hr \/>\n<p style=\"text-align: center;\"><span style=\"font-family: georgia, palatino, serif;\"><span style=\"font-size: 18pt;\">Fili\u00e8re cin\u00e9ma et audiovisuelle en r\u00e9gion\u00a0:<br \/>\nD\u00e9centralisation et initiative r\u00e9gionale<\/span><br \/>\n<\/span><em><span style=\"color: #ff0000;\">programme quasi d\u00e9finitif, en attente des confirmations des derniers intervenants<\/span><\/em><\/p>\n<hr \/>\n<p style=\"text-align: center;\"><span style=\"font-size: 24pt;\"><em><span style=\"color: #3aa827;\">JOURN\u00c9E 1 \u2013 Lundi 5 d\u00e9cembre<\/span><br \/>\n<\/em><span style=\"color: #257510;\"><em>Consolider les soutiens \u00e0 l\u2019initiative r\u00e9gionale<\/em><\/span><\/span><\/p>\n<p><em>\u00a0<\/em><span style=\"color: #3366ff;\"><strong><u>Module 1\u00a0:<\/u> Introductions 10H-11H<\/strong><\/span><\/p>\n<ul>\n<li>Charline Claveau, Conseill\u00e8re R\u00e9gionale, Vice-Pr\u00e9sidente de la R\u00e9gion Nouvelle-Aquitaine en charge de la culture, des langues et cultures r\u00e9gionales et du patrimoine<\/li>\n<li>Rachel Cordier, Directrice G\u00e9n\u00e9rale ALCA Nouvelle Aquitaine<\/li>\n<li>David Hurst, Co-Pr\u00e9sident de la Pe\u00f1a<\/li>\n<\/ul>\n<p><em>\u00a0<\/em><span style=\"color: #3366ff;\"><strong><u>Module 2\u00a0:<\/u> Tentatives de d\u00e9finitions de l\u2019initiative en R\u00e9gion 11H-12H45<br \/>\n<\/strong><\/span><span style=\"color: #808080;\">MOD\u00c9RATION\u00a0: Emmanuelle Mauger, D\u00e9l\u00e9gu\u00e9e g\u00e9n\u00e9rale adjointe du SPI.<\/span><\/p>\n<ul>\n<li>Keynote de contexte\u00a0: r\u00e9sultats et perspectives d\u2019une politique publique territoriale, le cin\u00e9ma fleuron de la d\u00e9centralisation\u00a0?<\/li>\n<\/ul>\n<p><span style=\"color: #808080;\">INTERVENANT\u00a0: Colette Quesson, Productrice \u00c0 Perte de Vue (R\u00e9gion Bretagne)<\/span><\/p>\n<ul>\n<li>Approches pratiques\u00a0: quels sont les crit\u00e8res objectifs qui d\u00e9finissent l\u2019initiative r\u00e9gionale\u00a0? Quelles sont les diff\u00e9rences entre la cr\u00e9ation r\u00e9gionale et l\u2019accueil de tournage\u00a0? A quels endroits se rejoignent-ils\u00a0?<\/li>\n<\/ul>\n<p><span style=\"color: #808080;\">INTERVENANTS\u00a0:<\/span><br \/>\n<span style=\"color: #808080;\">&#8211; Franck Vialle directeur de l\u2019association Films en Bretagne (R\u00e9gion Bretagne)<\/span><br \/>\n<span style=\"color: #808080;\">&#8211; Estelle Robin You, productrice Les Films du Balibari (R\u00e9gion Pays de la Loire)<\/span><br \/>\n<span style=\"color: #808080;\">&#8211; Hakob Melkonyan, auteur NAAIS (R\u00e9gion Nouvelle-Aquitaine)<\/span><\/p>\n<p>&nbsp;<\/p>\n<p style=\"text-align: center;\"><span style=\"font-size: 18pt;\"><em>Pause d\u00e9jeuner \/ 13H-14H15<br \/>\n<\/em><\/span><em><span style=\"font-size: 18pt;\">Buffet sur place<\/span><br \/>\n<\/em><span style=\"font-size: 8pt;\"><em>(offert aux partenaires, intervenants et adh\u00e9rents Pe\u00f1a, participation de 7,50\u20ac pour le public)<\/em><\/span><\/p>\n<p><span style=\"color: #3366ff;\"><strong><u>Module 3\u00a0:<\/u> Soutiens et accompagnements de l\u2019initiative r\u00e9gionale en France 14H30-17H<br \/>\n<\/strong><\/span><span style=\"color: #808080;\">MOD\u00c9RATION\u00a0: Jean-Raymond Garcia<\/span><\/p>\n<p>Quelle m\u00e9thodologie, quels outils, quelles actions\u00a0? Trois r\u00e9gions fran\u00e7aises invit\u00e9es pour \u00e9voquer leurs exp\u00e9riences d\u2019accompagnement \u00e0 l\u2019initiative r\u00e9gionale.<\/p>\n<p>Trois th\u00e9matiques seront privil\u00e9gi\u00e9es\u00a0:<\/p>\n<ol>\n<li>Soutien aux auteurs (r\u00e9sidences) et soutien aux soci\u00e9t\u00e9s de production (aide au programme d\u2019entreprise)<\/li>\n<li>Orientation du fond de soutien aux \u0153uvres en faveur de l\u2019initiative r\u00e9gionale. Comment adapter les crit\u00e8res d\u2019\u00e9ligibilit\u00e9 au fond de soutien en fonction du tissu professionnel pr\u00e9sent sur le territoire\u00a0?<\/li>\n<li>Dispositifs de soutien \u00e0 la coproduction<\/li>\n<\/ol>\n<p><span style=\"color: #808080;\">INTERVENANTS\u00a0:<br \/>\n<\/span><span style=\"color: #808080;\">&#8211; Pierre Da Silva, Responsable Unit\u00e9 Cin\u00e9ma et Audiovisuel, <strong>R\u00e9gion Nouvelle-Aquitaine<\/strong><br \/>\n<\/span><span style=\"color: #808080;\">&#8211; Ingrid Florin-Muller, Fonds Animation,\u00a0<strong>ALCA Nouvelle-Aquitaine<\/strong><br \/>\n(il sera par ailleurs fait une courte pr\u00e9sentation de la part des projets d\u2019initiative r\u00e9gionale dans les aides accord\u00e9es en 2022 au titre du fond de soutien)<br \/>\n<\/span><span style=\"color: #808080;\">&#8211; Guillaume Esterlingot, Charg\u00e9 de Mission Cin\u00e9ma et Audiovisuel,\u00a0<strong>R\u00e9gion Bretagne<br \/>\n<\/strong><\/span><span style=\"color: #808080;\">&#8211; Pierre Dallois, Responsable Cr\u00e9ation, <strong>CICLIC, R\u00e9gion Val de Loire<\/strong><br \/>\n<\/span><span style=\"color: #808080;\">&#8211; Yves Le Pannerer, Conseiller pour le Cin\u00e9ma, l&rsquo;Audiovisuel et le Num\u00e9rique,<strong> DRAC Nouvelle-Aquitaine\u00a0<\/strong><\/span><\/p>\n<p><strong><span style=\"color: #3366ff;\"><u>PROJECTION\u00a0:<\/u> (pr\u00e9c\u00e9d\u00e9e d\u2019une petite \u00e9tude de cas) 18H-20H\u00a0\u00a0<\/span><br \/>\n<\/strong>Cin\u00e9ma Le Lido<\/p>\n<p><strong>Silent Voice<\/strong> (51\u2019) de Reka Valerik, produit par Dublin Films en coproduction avec Need Productions (Belgique)<br \/>\n<strong>Conte Cruel de Bordeaux <\/strong>(30\u2019) de Claire Maugendre (Tribune des Auteurs), produit par Sister Productions<\/p>\n<p>&nbsp;<\/p>\n<p style=\"text-align: center;\"><span style=\"font-size: 18pt;\"><em>Buffet \u2013 Cocktail pro organis\u00e9 par ALCA \/ 20H<\/em><\/span><\/p>\n<p>&nbsp;<\/p>\n<hr \/>\n<p>&nbsp;<\/p>\n<p style=\"text-align: center;\"><span style=\"font-size: 24pt;\"><span style=\"color: #3aa827;\"><em>JOURN\u00c9E 2 \u2013 Mardi 6 d\u00e9cembre<br \/>\n<\/em><\/span><span style=\"color: #257510;\"><em>\u00c9clairages d\u2019autres r\u00e9gions europ\u00e9ennes\u00a0<\/em><em>et avanc\u00e9es vers une interprofessionnelle r\u00e9gionale<\/em><\/span><\/span><\/p>\n<p>&nbsp;<\/p>\n<p><span style=\"color: #3366ff;\"><strong><u>Module 4\u00a0:<\/u> Soutiens et accompagnements de l\u2019initiative r\u00e9gionale en Europe\u00a010H-12H<br \/>\n<\/strong><\/span><span style=\"color: #808080;\">MOD\u00c9RATION\u00a0: Florent Coulon, membre du C.A. de la Pe\u00f1a\u00a0<\/span><\/p>\n<p>Partage d\u2019exp\u00e9riences et autres types de dispositifs en faveur de l\u2019initiative r\u00e9gionale.<\/p>\n<p><span style=\"color: #808080;\">INTERVENANTS\u00a0:<\/span><br \/>\n<span style=\"color: #808080;\">&#8211; Patrick Schaaf, D\u00e9veloppement Strat\u00e9gique et Communication,\u00a0<strong>Land Hesse, Allemagne<\/strong>\u00a0(en visioconf\u00e9rence)<\/span><br \/>\n<span style=\"color: #808080;\">&#8211; Philippe Reynaert, ex-directeur Wallimage, Fond d&rsquo;Investissement dans l&rsquo;Audiovisuel,\u00a0<strong>Wallonie, Belgique<\/strong><\/span><br \/>\n<span style=\"color: #808080;\">&#8211; Paolo Benzi, Producteur Okta Film,\u00a0<strong>Frioul &#8211; V\u00e9n\u00e9tie &#8211; Julienne, Italie\u00a0<\/strong>(en visioconf\u00e9rence)<\/span><\/p>\n<p><em>Ce module aura lieu en langue anglaise en pr\u00e9sence d\u2019un interpr\u00e8te.<\/em><\/p>\n<p>&nbsp;<\/p>\n<p><span style=\"color: #3366ff;\"><strong><u>Module 5\u00a0:<\/u> T\u00e9moignage de l\u2019association Films en Bretagne 12H-13H<\/strong><\/span><\/p>\n<p>Franck Vialle, directeur de l\u2019association Films en Bretagne (https:\/\/filmsenbretagne.org) sur la construction\/f\u00e9d\u00e9ration d\u2019une interprofessionnelle<\/p>\n<p>&nbsp;<\/p>\n<p style=\"text-align: center;\"><span style=\"font-size: 18pt;\"><em>Pause D\u00e9jeuner \/ 13H-14H<br \/>\n<\/em><span style=\"font-size: 8pt;\"><em>(d\u00e9jeuner uniquement pr\u00e9vu pour les participants au Module 6)<\/em><\/span><\/span><\/p>\n<p><em>\u00a0<\/em><\/p>\n<p><em>\u00a0<\/em><span style=\"color: #3366ff;\"><strong><u>Module 6\u00a0:<\/u> Vers une interprofessionnelle r\u00e9gionale (14h-17h)<br \/>\n<\/strong><\/span><span style=\"color: #808080;\">M\u00c9DIATION\u00a0: Franck Vialle, Directeur de l\u2019association Films en Bretagne<\/span><\/p>\n<p>&nbsp;<\/p>\n<p>S\u00e9minaire <strong>\u00e0 huis clos<\/strong> entre les associations professionnelles de Nouvelle-Aquitaine\u00a0pour la construction \/ f\u00e9d\u00e9ration d\u2019une interprofessionnelle en R\u00e9gion.<\/p>\n<p>En pr\u00e9sence de\u00a0: Cina, le Collectif des Festivals de Nouvelle-Aquitaine, Maisons de Production Associ\u00e9es, Naais, La Tribune des Auteurs, la Pe\u00f1a.<\/p>\n<p>&nbsp;<\/p>\n<p>&nbsp;<\/p>\n<p>&nbsp;<\/p>\n<p>&nbsp;<\/p>\n","protected":false},"excerpt":{"rendered":"<p>POUR CAUSE DE GR\u00c8VE SNCF, DE COVID ET D&rsquo;INCIDENT SUR LA LIGNE PARIS LIMOGES, TERRITOIRE(S) D&rsquo;IMAGES EST MALHEUREUSEMENT REPORT\u00c9. NOUS VOUS TIENDRONS INFORM\u00c9-ES. TERRITOIRE(S) D\u2019IMAGES 2022 6\u00e8me \u00e9dition\u00a0: 5 et 6 d\u00e9cembre Centre Culturel Jean Gagnant, Limoges Fili\u00e8re cin\u00e9ma et audiovisuelle en r\u00e9gion\u00a0: D\u00e9centralisation et initiative r\u00e9gionale programme quasi d\u00e9finitif, en attente des confirmations des&hellip; <a href=\"https:\/\/produire-en-nouvelle-aquitaine.org\/index.php\/2022\/11\/09\/territoires-dimages-2022-le-programme\/\" class=\"more-link\">Lire la suite <span class=\"screen-reader-text\">Territoire(s) D&rsquo;Images 2022 &#8211; Le Programme<\/span><\/a><\/p>\n","protected":false},"author":1,"featured_media":0,"comment_status":"closed","ping_status":"closed","sticky":false,"template":"","format":"standard","meta":{"footnotes":""},"categories":[4],"tags":[],"_links":{"self":[{"href":"https:\/\/produire-en-nouvelle-aquitaine.org\/index.php\/wp-json\/wp\/v2\/posts\/2353"}],"collection":[{"href":"https:\/\/produire-en-nouvelle-aquitaine.org\/index.php\/wp-json\/wp\/v2\/posts"}],"about":[{"href":"https:\/\/produire-en-nouvelle-aquitaine.org\/index.php\/wp-json\/wp\/v2\/types\/post"}],"author":[{"embeddable":true,"href":"https:\/\/produire-en-nouvelle-aquitaine.org\/index.php\/wp-json\/wp\/v2\/users\/1"}],"replies":[{"embeddable":true,"href":"https:\/\/produire-en-nouvelle-aquitaine.org\/index.php\/wp-json\/wp\/v2\/comments?post=2353"}],"version-history":[{"count":7,"href":"https:\/\/produire-en-nouvelle-aquitaine.org\/index.php\/wp-json\/wp\/v2\/posts\/2353\/revisions"}],"predecessor-version":[{"id":2362,"href":"https:\/\/produire-en-nouvelle-aquitaine.org\/index.php\/wp-json\/wp\/v2\/posts\/2353\/revisions\/2362"}],"wp:attachment":[{"href":"https:\/\/produire-en-nouvelle-aquitaine.org\/index.php\/wp-json\/wp\/v2\/media?parent=2353"}],"wp:term":[{"taxonomy":"category","embeddable":true,"href":"https:\/\/produire-en-nouvelle-aquitaine.org\/index.php\/wp-json\/wp\/v2\/categories?post=2353"},{"taxonomy":"post_tag","embeddable":true,"href":"https:\/\/produire-en-nouvelle-aquitaine.org\/index.php\/wp-json\/wp\/v2\/tags?post=2353"}],"curies":[{"name":"wp","href":"https:\/\/api.w.org\/{rel}","templated":true}]}}