{"id":2300,"date":"2021-11-26T16:24:19","date_gmt":"2021-11-26T15:24:19","guid":{"rendered":"http:\/\/produire-en-nouvelle-aquitaine.org\/?p=2300"},"modified":"2021-12-06T16:58:47","modified_gmt":"2021-12-06T15:58:47","slug":"territoires-dimages-2021-le-programme","status":"publish","type":"post","link":"https:\/\/produire-en-nouvelle-aquitaine.org\/index.php\/2021\/11\/26\/territoires-dimages-2021-le-programme\/","title":{"rendered":"Territoire(s) d\u2019images 2021, le Programme !"},"content":{"rendered":"<p style=\"text-align: center;\"><span style=\"font-size: 14pt; color: #000000;\"><strong>Territoire(s) d\u2019images 2021<\/strong><\/span><\/p>\n<p style=\"text-align: center;\"><span style=\"color: #ff0000;\">(programme d\u00e9finitif, annulation du pot ALCA<br \/>\net lien zoom pour acc\u00e9der \u00e0 la journ\u00e9e du mercredi)<\/span><\/p>\n<hr \/>\n<p style=\"text-align: center;\"><strong><span style=\"color: #339966;\">Les 7 et 8 d\u00e9cembre 2021 \u00e0 Limoges (87)<\/span><\/strong><\/p>\n<hr \/>\n<p>Pour la 5<sup>\u00e8me<\/sup> ann\u00e9e cons\u00e9cutive, l\u2019association Pe\u00f1a (Produire en Nouvelle-Aquitaine) organise les rencontres professionnelles <strong>Territoire(s) d\u2019Images<\/strong>, d\u00e9di\u00e9es aux enjeux de la d\u00e9centralisation de la production de films et de la valorisation des \u0153uvres d\u2019initiative r\u00e9gionale.<\/p>\n<p>Cette ann\u00e9e encore nous parlerons de diffusion, et plus particuli\u00e8rement du retour du public devant les \u00e9crans. Nouveaut\u00e9\u00a0: une journ\u00e9e de formation viendra \u00e9galement compl\u00e9ter le programme.<\/p>\n<p>Ces rencontres sont gratuites et ouvertes \u00e0 toutes et tous, \u00e9tudiants, enseignants, auteurs, producteurs, techniciens, exploitants, diffuseurs, festivals, associations professionnelles, institutions.<\/p>\n<hr \/>\n<p style=\"text-align: center;\"><span style=\"font-size: 14pt; color: #000000;\"><strong>LE PROGRAMME <span class=\"\"><b class=\"\">D\u00c9FINITIF<\/b><\/span><br \/>\n<\/strong><\/span><\/p>\n<hr \/>\n<p><span style=\"color: #000000;\"><strong>MARDI 7 DECEMBRE 2021<\/strong><\/span><\/p>\n<p><span style=\"color: #339966;\"><strong>\u00a0<\/strong><strong>Journ\u00e9e de formation<\/strong> <strong>\u00e0 destination des producteurs<\/strong> <strong>d\u00e9l\u00e9gu\u00e9s de films (\u00e9galement ouverte aux r\u00e9alisateurs)<\/strong><\/span><\/p>\n<p>Introduction par la pr\u00e9sidence de la Pe\u00f1a et par Emmanuel Feuli\u00e9, directeur cin\u00e9ma d\u2019ALCA.<\/p>\n<p><span style=\"color: #000000;\"><strong>\u00a0<\/strong><strong># Module 1\u00a0: 09H30\/12H45<br \/>\n<\/strong><strong>Produire son premier long m\u00e9trage (les contrats \/ les fonds r\u00e9gionaux, nationaux, internationaux, le lien entre eux et la chronologie des financements, la coproduction)<\/strong><\/span><\/p>\n<p><u>Mod\u00e9ration\u00a0<\/u>: David Hurst, Dublin Films<br \/>\nCe module s\u2019appuiera sur une \u00e9tude de cas du film \u00ab\u00a0Si le vent tombe\u00a0\u00bb de Nora Martirosyan, 1<sup>er<\/sup> long m\u00e9trage de fiction produit par Sister Productions et distribu\u00e9 par Arizona Distribution (label Cannes 2020).<br \/>\n<u>Intervenants<\/u>\u00a0: Julie Paratian, productrice du film\u00a0; Jules Grange, directeur financier de Kidam<\/p>\n<p><span style=\"color: #000000;\"><strong>\u00a0#\u00a0<\/strong><strong>12H45\/14H15\u00a0: <\/strong><strong>d\u00e9jeuner buffet<\/strong><\/span><\/p>\n<p><span style=\"color: #000000;\"><strong># Module 2\u00a0: 14H15\/17H30<br \/>\n<\/strong><strong>Les financements priv\u00e9s du cin\u00e9ma d\u2019auteur (soficas, plateformes, ventes internationales et chronologie des m\u00e9dias, m\u00e9c\u00e9nat et fondations) <\/strong><\/span><\/p>\n<p><u>Mod\u00e9ration\u00a0:\u00a0<\/u>Fran\u00e7ois-Pierre Clavel, Kidam<br \/>\n<u>Intervenants\u00a0pr\u00e9sents en visioconf\u00e9rence<\/u>\u00a0: Jean Baptiste Souchier, Cofiloisirs\u00a0; Pierre Mazars, Charades\u00a0; \u00c9ric Lagesse, Pyramide Distribution<\/p>\n<p><span class=\"\" style=\"color: #ff0000;\"><b class=\"\">ANNULATION DU POT ALCA<br class=\"\" \/>La R\u00e9gion ayant d\u00e9cid\u00e9 d\u2019annuler tous les \u00e9v\u00e8nements dans ses locaux, compte tenu de l\u2019\u00e9volution de la crise sanitaire, ALCA est contraint d\u2019annuler l\u2019ap\u00e9ritif professionnel initialement pr\u00e9vu \u00e0 18h au salon d\u2019honneur de la Maison de Limoges.<\/b><\/span><\/p>\n<p><span style=\"color: #339966;\"><strong>20h30\u00a0\/ cin\u00e9ma Le Lido\u00a0: projection en avant-premi\u00e8re du LM \u00ab\u00a0<a href=\"https:\/\/vraivrai-films.fr\/catalogue\/traverser_fr\">Traverser<\/a>\u00a0\u00bb de Jo\u00ebl Akafou. <\/strong>Projection suivie d\u2019une rencontre avec le producteur, Florent Coulon (VraiVrai Films).<\/span><\/p>\n<hr \/>\n<p><span style=\"color: #000000;\"><strong>MERCREDI 8 DECEMBRE 2021 <\/strong><\/span><\/p>\n<p><span style=\"color: #339966;\"><strong>\u00a0<\/strong><strong>Journ\u00e9e de tables rondes publiques<\/strong> <strong>: \u00ab Comment forger un territoire d\u2019images ? &#8211; favoriser l\u2019\u00e9mergence de nouveaux spectateurs en R\u00e9gion \u00bb <\/strong><\/span><\/p>\n<p>Alors que le confinement a favoris\u00e9 des habitudes de visionnement solitaire, et face \u00e0 la mont\u00e9e en puissance des plateformes, comment inciter les spectateurs et notamment les 15-25 ans \u00e0 (re)trouver le chemin de la salle ? Comment conqu\u00e9rir de nouveaux publics\u00a0? Quelles id\u00e9es pour renouveler l\u2019acc\u00e8s au cin\u00e9ma\u00a0? Quel r\u00f4le les producteurs peuvent-ils jouer \u00e0 ce niveau-l\u00e0\u00a0?<br \/>\nLa r\u00e9flexion sera donc centr\u00e9e sur la question de la diffusion des films \/ (re)conqu\u00eate des publics avec un focus sur les 15-25 ans.<\/p>\n<p><span class=\"\"><b class=\"\">Cette journ\u00e9e sera int\u00e9gralement retransmise en ligne.<br class=\"\" \/>Acc\u00e8s possible \u00e0 partir de 9h30 via le lien zoom ci-apr\u00e8s :<\/b><\/span><br class=\"\" \/><b class=\"\"><a class=\"\" href=\"https:\/\/us02web.zoom.us\/j\/83146748039\" target=\"_blank\" rel=\"noopener\"><span class=\"\">https:\/\/us02web.zoom.us\/j\/83146748039<\/span><\/a><\/b><\/p>\n<p>&nbsp;<\/p>\n<p><span style=\"color: #000000;\"><strong>MATIN<\/strong><\/span><\/p>\n<p><span style=\"color: #000000;\"><strong># 09H00\/09H30\u00a0: accueil des participants autour d\u2019un caf\u00e9 croissant<\/strong><\/span><\/p>\n<p>Introduction par la pr\u00e9sidence de la Pe\u00f1a et par Emmanuel Feuli\u00e9, directeur cin\u00e9ma d\u2019ALCA.<\/p>\n<p><span style=\"color: #000000;\"><strong># 1ere partie 09H30\/10H30<br \/>\n<\/strong><strong>Introduction\u00a0: \u00e9tat des lieux de la fr\u00e9quentation des salles de cin\u00e9ma et, de fa\u00e7on plus g\u00e9n\u00e9rale, de l\u2019\u00e9volution des habitudes <\/strong><strong>des pratiques et de la \u00ab\u00a0consommation\u00a0\u00bb des films au cin\u00e9ma \/ tv et plateformes, notamment suite \u00e0 la pand\u00e9mie. Avec un focus sp\u00e9cifique sur les pratiques du public 15\/25 ans. <\/strong><strong>Cet \u00e9tat des lieux s\u2019appuiera sur des donn\u00e9es chiffr\u00e9es (\u00e9tudes CNC, etc..). <\/strong><\/span><\/p>\n<p><u>Intervenants<\/u>\u00a0: Sophie Jardillier,\u00a0service des \u00e9tudes et des statistiques du CNC ; St\u00e9phanie Vigier, D\u00e9l\u00e9gu\u00e9e g\u00e9n\u00e9rale de CINA<\/p>\n<p><span style=\"color: #000000;\"><strong>\u00a0<\/strong><strong># 2eme partie 10H45\/12H15<br \/>\n<\/strong><strong>La salle de cin\u00e9ma\u00a0: \u00ab\u00a0le lieu de vie\u00a0\u00bb. Lieu de rencontre, place publique, endroit de d\u00e9bats et d\u2019\u00e9changes ? Quelles sont les pratiques d\u2019accueil du public sur les territoires urbain, p\u00e9riurbain, et rural.<\/strong><\/span><\/p>\n<p><u>Mod\u00e9ration\u00a0<\/u>: Victor Courgeon\u00a0: cin\u00e9ma Le M\u00e9li\u00e8s \u00e0 Montreuil<br \/>\n<u>Intervenants<\/u>\u00a0: Stephen Bonato, cin\u00e9ma Utopia \u00e0 Bordeaux\u00a0; Duarte Caetano, cin\u00e9ma Cin\u00e9-Bourse \u00e0 Saint-Junien\u00a0; Chlo\u00e9 Deleforge, Charg\u00e9e d&rsquo;action culturelle pour l&rsquo;association Cr\u00e9a.<\/p>\n<p><span style=\"color: #000000;\"><strong>\u00a0# 12H30\/14H\u00a0: <\/strong><strong>d\u00e9jeuner buffet<\/strong><\/span><\/p>\n<p>&nbsp;<\/p>\n<p><span style=\"color: #000000;\"><strong>APR\u00c8S-MIDI<\/strong><\/span><\/p>\n<p><span style=\"color: #000000;\"><strong># 3eme partie 14H00\/15H30<br \/>\n<\/strong><strong>Les bouleversements du secteur de la distribution des films et les nouvelles strat\u00e9gies de communication autour des films pour amener le spectateur au film. <\/strong><\/span><\/p>\n<p><u>Mod\u00e9ration\u00a0<\/u>: Oph\u00e9lie Rebelo, consultante free-lance en distribution de longs-m\u00e9trages<br \/>\n<u>Intervenants\u00a0pr\u00e9sents en visioconf\u00e9rence<\/u>\u00a0: Alexis Mas, Condor, distributeur\u00a0; Mathieu Robinet, Tandem, distributeur\u00a0; Pierre-Emmanuel Le Goff, 25eme heure, distributeur, r\u00e9alisateur et producteur<\/p>\n<p><span style=\"color: #000000;\"><strong><em>\u00a0<\/em><\/strong><strong># 4eme partie 15H45\/17H15<br \/>\n<\/strong><strong>Le temps des 15-25 ans\u00a0: focus sur une conqu\u00eate qui dure ou doit se renouveler\u00a0? <\/strong><\/span><\/p>\n<p><u>Mod\u00e9ration <\/u>: Santiaga Hidalgo, Passeurs d&rsquo;images<br \/>\n<u>Intervenants<\/u>\u00a0: Coline Lorillot,\u00a0m\u00e9diatrice cin\u00e9ma (Egletons, Meymac, Neuvic, Ussel)\u00a0; Maguy Cisterne, festival de Brive et Collectif des Festivals en N.A.<\/p>\n<hr \/>\n<p style=\"text-align: center;\"><span style=\"color: #000000;\"><span style=\"caret-color: #000000;\"><b>Lieux de la manifestation<\/b><\/span><\/span><\/p>\n<p>Tout se d\u00e9roule \u00e0 l\u2019<strong>auditorium Clancier de la Biblioth\u00e8que Francophone Multim\u00e9dia (BFM) de Limoges<\/strong>, 2 place Aim\u00e9 C\u00e9saire, 87\u00a0000 Limoges, sauf autrement indiqu\u00e9.<\/p>\n<p>La projection de \u00ab\u00a0Traverser\u00a0\u00bb a lieu au <strong>cin\u00e9ma Le Lido<\/strong>, 3 Av. du G\u00e9n\u00e9ral de Gaulle, 87000 Limoges<\/p>\n<hr \/>\n<p style=\"text-align: center;\"><span style=\"color: #000000;\"><strong>Contact et inscriptions\u00a0<\/strong><\/span><\/p>\n<p>Les inscriptions sont d\u00e9sormais closes.<\/p>\n<p>Pass sanitaire obligatoire.<\/p>\n<hr \/>\n<p>&nbsp;<\/p>\n","protected":false},"excerpt":{"rendered":"<p>Territoire(s) d\u2019images 2021 (programme d\u00e9finitif, annulation du pot ALCA et lien zoom pour acc\u00e9der \u00e0 la journ\u00e9e du mercredi) Les 7 et 8 d\u00e9cembre 2021 \u00e0 Limoges (87) Pour la 5\u00e8me ann\u00e9e cons\u00e9cutive, l\u2019association Pe\u00f1a (Produire en Nouvelle-Aquitaine) organise les rencontres professionnelles Territoire(s) d\u2019Images, d\u00e9di\u00e9es aux enjeux de la d\u00e9centralisation de la production de films&hellip; <a href=\"https:\/\/produire-en-nouvelle-aquitaine.org\/index.php\/2021\/11\/26\/territoires-dimages-2021-le-programme\/\" class=\"more-link\">Lire la suite <span class=\"screen-reader-text\">Territoire(s) d\u2019images 2021, le Programme !<\/span><\/a><\/p>\n","protected":false},"author":1,"featured_media":0,"comment_status":"closed","ping_status":"closed","sticky":false,"template":"","format":"standard","meta":{"footnotes":""},"categories":[4],"tags":[],"_links":{"self":[{"href":"https:\/\/produire-en-nouvelle-aquitaine.org\/index.php\/wp-json\/wp\/v2\/posts\/2300"}],"collection":[{"href":"https:\/\/produire-en-nouvelle-aquitaine.org\/index.php\/wp-json\/wp\/v2\/posts"}],"about":[{"href":"https:\/\/produire-en-nouvelle-aquitaine.org\/index.php\/wp-json\/wp\/v2\/types\/post"}],"author":[{"embeddable":true,"href":"https:\/\/produire-en-nouvelle-aquitaine.org\/index.php\/wp-json\/wp\/v2\/users\/1"}],"replies":[{"embeddable":true,"href":"https:\/\/produire-en-nouvelle-aquitaine.org\/index.php\/wp-json\/wp\/v2\/comments?post=2300"}],"version-history":[{"count":12,"href":"https:\/\/produire-en-nouvelle-aquitaine.org\/index.php\/wp-json\/wp\/v2\/posts\/2300\/revisions"}],"predecessor-version":[{"id":2304,"href":"https:\/\/produire-en-nouvelle-aquitaine.org\/index.php\/wp-json\/wp\/v2\/posts\/2300\/revisions\/2304"}],"wp:attachment":[{"href":"https:\/\/produire-en-nouvelle-aquitaine.org\/index.php\/wp-json\/wp\/v2\/media?parent=2300"}],"wp:term":[{"taxonomy":"category","embeddable":true,"href":"https:\/\/produire-en-nouvelle-aquitaine.org\/index.php\/wp-json\/wp\/v2\/categories?post=2300"},{"taxonomy":"post_tag","embeddable":true,"href":"https:\/\/produire-en-nouvelle-aquitaine.org\/index.php\/wp-json\/wp\/v2\/tags?post=2300"}],"curies":[{"name":"wp","href":"https:\/\/api.w.org\/{rel}","templated":true}]}}