{"id":2253,"date":"2020-12-15T14:15:30","date_gmt":"2020-12-15T13:15:30","guid":{"rendered":"http:\/\/produire-en-nouvelle-aquitaine.org\/?p=2253"},"modified":"2020-12-21T23:26:18","modified_gmt":"2020-12-21T22:26:18","slug":"revoir-le-seminaire-rebondir-latout-regional","status":"publish","type":"post","link":"https:\/\/produire-en-nouvelle-aquitaine.org\/index.php\/2020\/12\/15\/revoir-le-seminaire-rebondir-latout-regional\/","title":{"rendered":"Revoir le s\u00e9minaire Rebondir &#8211; l&rsquo;Atout r\u00e9gional"},"content":{"rendered":"<h4>Voir la vid\u00e9o :<\/h4>\n<p>Gr\u00e0ce \u00e0 la vid\u00e9o index\u00e9e ci-dessous, regarder tout le s\u00e9minaire ou cliquez directement sur les parties du programme qui vous int\u00e9ressent :<\/p>\n<p><iframe loading=\"lazy\" src=\"\/\/player.vimeo.com\/video\/490703006?title=0&amp;amp;byline=0\" width=\"640\" height=\"360\" frameborder=\"0\" allowfullscreen=\"allowfullscreen\"><\/iframe><\/p>\n","protected":false},"excerpt":{"rendered":"<p>Voir la vid\u00e9o : Gr\u00e0ce \u00e0 la vid\u00e9o index\u00e9e ci-dessous, regarder tout le s\u00e9minaire ou cliquez directement sur les parties du programme qui vous int\u00e9ressent :<\/p>\n","protected":false},"author":1,"featured_media":0,"comment_status":"closed","ping_status":"closed","sticky":false,"template":"","format":"standard","meta":{"footnotes":""},"categories":[4],"tags":[],"_links":{"self":[{"href":"https:\/\/produire-en-nouvelle-aquitaine.org\/index.php\/wp-json\/wp\/v2\/posts\/2253"}],"collection":[{"href":"https:\/\/produire-en-nouvelle-aquitaine.org\/index.php\/wp-json\/wp\/v2\/posts"}],"about":[{"href":"https:\/\/produire-en-nouvelle-aquitaine.org\/index.php\/wp-json\/wp\/v2\/types\/post"}],"author":[{"embeddable":true,"href":"https:\/\/produire-en-nouvelle-aquitaine.org\/index.php\/wp-json\/wp\/v2\/users\/1"}],"replies":[{"embeddable":true,"href":"https:\/\/produire-en-nouvelle-aquitaine.org\/index.php\/wp-json\/wp\/v2\/comments?post=2253"}],"version-history":[{"count":5,"href":"https:\/\/produire-en-nouvelle-aquitaine.org\/index.php\/wp-json\/wp\/v2\/posts\/2253\/revisions"}],"predecessor-version":[{"id":2274,"href":"https:\/\/produire-en-nouvelle-aquitaine.org\/index.php\/wp-json\/wp\/v2\/posts\/2253\/revisions\/2274"}],"wp:attachment":[{"href":"https:\/\/produire-en-nouvelle-aquitaine.org\/index.php\/wp-json\/wp\/v2\/media?parent=2253"}],"wp:term":[{"taxonomy":"category","embeddable":true,"href":"https:\/\/produire-en-nouvelle-aquitaine.org\/index.php\/wp-json\/wp\/v2\/categories?post=2253"},{"taxonomy":"post_tag","embeddable":true,"href":"https:\/\/produire-en-nouvelle-aquitaine.org\/index.php\/wp-json\/wp\/v2\/tags?post=2253"}],"curies":[{"name":"wp","href":"https:\/\/api.w.org\/{rel}","templated":true}]}}