{"id":2245,"date":"2020-12-15T13:38:56","date_gmt":"2020-12-15T12:38:56","guid":{"rendered":"http:\/\/produire-en-nouvelle-aquitaine.org\/?p=2245"},"modified":"2020-12-21T23:25:00","modified_gmt":"2020-12-21T22:25:00","slug":"territoires-dimages-2020-le-bilan","status":"publish","type":"post","link":"https:\/\/produire-en-nouvelle-aquitaine.org\/index.php\/2020\/12\/15\/territoires-dimages-2020-le-bilan\/","title":{"rendered":"Territoire(s) d&rsquo;images 2020, le bilan"},"content":{"rendered":"<p>Territoire(s) d&rsquo;images 2020 s&rsquo;est tenu en ligne sous une forme resserr\u00e9e de s\u00e9minaire ouvert \u00e0 tous. C&rsquo;\u00e9tait le 10 d\u00e9cembre 2020, de 14h \u00e0 17h, vous avez \u00e9t\u00e9 nombreux \u00e0 y participer et c&rsquo;\u00e9tait passionnant. Vous retrouverez ci-dessous la programmation avec des pr\u00e9cisions sur nos invit\u00e9s, et le lien vers la vid\u00e9o de l&rsquo;apr\u00e8s-midi pour celles et ceux qui n&rsquo;ont pu se connecter.<\/p>\n<p style=\"text-align: center;\"><strong>Rebondir \u2013 L&rsquo;atout r\u00e9gional<\/strong><\/p>\n<p style=\"text-align: center;\"><a href=\"http:\/\/produire-en-nouvelle-aquitaine.org\/index.php\/2020\/12\/15\/revoir-le-seminaire-rebondir-latout-regional\/\" target=\"_blank\" rel=\"noopener\"><span style=\"color: #ff9900;\">Revoir le s\u00e9minaire<\/span><\/a><\/p>\n<p>Projetons-nous sur ce qui fera le cin\u00e9ma d\u2019apr\u00e8s pand\u00e9mie, trouvons ensemble comment l&rsquo;initiative r\u00e9gionale peut faire vivre les films d\u2019auteurs aupr\u00e8s des diff\u00e9rents publics : en salle, en m\u00e9diath\u00e8que, \u00e0 la t\u00e9l\u00e9vision, en ligne, en festival, hors ou pendant le temps scolaire.<\/p>\n<p>Quel r\u00f4le l\u2019initiative r\u00e9gionale peut-elle jouer pour soutenir les films d\u2019auteurs et la production ind\u00e9pendante et aller \u00e0 la rencontre du public\u00a0?<\/p>\n<p>Quels nouveaux espaces de diffusion imaginer pour la cr\u00e9ation ? Quelles actions inventer pour nouer ou renforcer des liens neufs entre le public et les \u0153uvres dans leur diversit\u00e9\u00a0?<\/p>\n<p>Comment la solidarit\u00e9 de notre \u00e9cosyst\u00e8me local peut-elle \u00eatre mise au service d\u2019une diffusion et d\u2019une distribution plus forte des films d\u2019auteurs\u00a0?<\/p>\n<p>*************************<\/p>\n<p><strong>14h00-15h00 &#8211; \u00c9tudes de cas<\/strong><\/p>\n<ul>\n<li>KuB [KulturBretagne], media pionnier, avec Serge Steyer, directeur g\u00e9n\u00e9ral, 15\u2019.<\/li>\n<\/ul>\n<p>Kub Media, media en ligne d\u00e9di\u00e9 \u00e0 la culture, est une plateforme de diffusion en acc\u00e8s libre soutenue par la Drac et la R\u00e9gion Bretagne. \u00c9dit\u00e9e par l\u2019association Breizh Creative, KuB prend en charge une mission de service public de mise \u00e0 disposition gratuite et durable (minimum 1 an), de centaines d\u2019\u0153uvres \u00e9ditorialis\u00e9es : cin\u00e9ma et audiovisuel, spectacle vivant, litt\u00e9rature, arts plastiques&#8230; <a href=\"https:\/\/www.kubweb.media\/\">https:\/\/www.kubweb.media\/<\/a><\/p>\n<ul>\n<li>Comett, plateforme d\u2019\u00e9ducation artistique au cin\u00e9ma, avec Herv\u00e9 Bonnet, directeur du Bureau d\u2019accueil de tournage du Lot-et-Garonne, 15\u2019<\/li>\n<\/ul>\n<p>Comett est un projet de plateforme gratuite de diffusion culturelle et d\u2019\u00e9ducation au cin\u00e9ma. Elle est destin\u00e9e dans un premier temps aux coll\u00e9giens, lyc\u00e9ens et \u00e9tudiants, et sera rapidement ouverte aux \u00e9coliers et leurs enseignants ainsi qu\u2019hors temps scolaire. Ce projet est port\u00e9 par le Bureau d\u2019Accueil des tournages du Lot-et-Garonne et la Ligue de l\u2019enseignement 47. Il sera rendu public en janvier 2021.<\/p>\n<ul>\n<li>Tangente Distribution, s\u2019associer pour diffuser et distribuer, avec Aziza Kaddour, 15\u2019<\/li>\n<\/ul>\n<p>Tangente est une association fond\u00e9e par cinq soci\u00e9t\u00e9s de production\u00a0 (La Soci\u00e9t\u00e9 des Apaches (Auvergne Rh\u00f4ne-Alpes), Les Films du bilboquet (Hauts de France), Les Films de l\u2019\u0153il sauvage (\u00cele de France), Cin\u00e9phage productions et Films de Force Majeure (PACA) afin de distribuer les films documentaires de ces soci\u00e9t\u00e9s l\u00e0 o\u00f9 ils ne le sont pas. <a href=\"https:\/\/www.tangente-distribution.net\/\">https:\/\/www.tangente-distribution.net\/<\/a><\/p>\n<p>*************************<\/p>\n<p><strong>15h00-17h00 &#8211; Table ronde<\/strong><\/p>\n<p><em>2h, Mod\u00e9ration David Hurst (Pe\u00f1a, Dublin Films)<\/em><\/p>\n<p><em>\u00a0<\/em><\/p>\n<ol>\n<li>\u00c9ditorialiser les \u0153uvres\u00a0:<\/li>\n<\/ol>\n<p>Comment constituer et mettre en valeur des catalogues\u00a0? Par genre, r\u00e9alisateurs, publics etc.\u00a0?<\/p>\n<p>Comment accompagner les \u0153uvres (R\u00f4le des auteurs et des m\u00e9diateurs. Les salles sont-elles des programmateurs d\u2019\u00e9v\u00e9nements\u00a0? Faut-il produire du contenu d\u00e9di\u00e9 \u00e0 l\u2019accompagnement des \u0153uvres\u00a0?)<\/p>\n<p>En pr\u00e9sence de\u00a0:<\/p>\n<ul>\n<li>Acid, Association du cin\u00e9ma ind\u00e9pendant pour sa diffusion, Karine Ramette, charg\u00e9e des relations au public. <a href=\"https:\/\/www.lacid.org\/\" target=\"_blank\" rel=\"noopener\">En savoir plus sur l&rsquo;Acid<\/a><\/li>\n<li>Alca, Emmanuel Feuli\u00e9, Directeur Cin\u00e9ma. <a href=\"https:\/\/alca-nouvelle-aquitaine.fr\/\" target=\"_blank\" rel=\"noopener\">En savoir plus sur Alca<\/a><\/li>\n<li>Cina, Cin\u00e9mas ind\u00e9pendants de Nouvelle-Aquitaine, St\u00e9phanie Vigier, D\u00e9l\u00e9gu\u00e9e g\u00e9n\u00e9rale. <a href=\"https:\/\/www.cinemas-na.fr\/\" target=\"_blank\" rel=\"noopener\">En savoir plus sur Cina<\/a><\/li>\n<li>Cin\u00e9ma Eden \u00e0 Mons\u00e9gur (Gironde), Emeline Bonnardet, coordinatrice. <a href=\"https:\/\/www.cinema-eden.com\/\" target=\"_blank\" rel=\"noopener\">Retrouvez la programmation du cin\u00e9ma<\/a><\/li>\n<li>Cin\u00e9math\u00e8que de Nouvelle-Aquitaine, Patrick Malefond, charg\u00e9 de mission. <a href=\"https:\/\/cdna.memoirefilmiquenouvelleaquitaine.fr\/\">En savoir plus<\/a><\/li>\n<li>Naais, association des auteurs de l\u2019image et du son en Nouvelle-Aquitaine, Laetita Carton, autrice. <a href=\"https:\/\/naais.fr\/\" target=\"_blank\" rel=\"noopener\">En savoir plus sur Naais<\/a><\/li>\n<\/ul>\n<p>&nbsp;<\/p>\n<ol start=\"2\">\n<li>Les nouveaux espaces de diffusion\u00a0:<\/li>\n<\/ol>\n<p>Comment articuler TV, Web TV, plateformes, pour la diffusion des films d\u2019auteurs\u00a0? De nouveaux espaces sont -ils possibles\u00a0?<\/p>\n<p>En pr\u00e9sence de\u00a0:<\/p>\n<ul>\n<li>Bureau d\u2019accueil de tournage du Lot-et-Garonne, Herv\u00e9 Bonnet, directeur.<\/li>\n<li>France 3 Nouvelle-Aquitaine et NoA, Jean-Fran\u00e7ois Karpinski, journaliste et conseiller de programmes. <a href=\"https:\/\/france3-regions.francetvinfo.fr\/nouvelle-aquitaine\/tv\/direct\/noa\" target=\"_blank\" rel=\"noopener\">Regarder NoA<\/a><\/li>\n<li>Kanaldude, chaine bascophone, Lo\u00efc Legrand, charg\u00e9 de programme. <a href=\"https:\/\/kanaldude.eus\/\" target=\"_blank\" rel=\"noopener\">Regarder Kanaldude<\/a><\/li>\n<li>KuB, Serge Steyer, directeur.<\/li>\n<li>Tangente, association de diffusion et de distribution, Aziza Kaddour, coordinatrice.<\/li>\n<li>T\u00ebnk, plateforme de VOD de films documentaires, pr\u00e9sident, Jean-Marie Barbe. <a href=\"https:\/\/www.tenk.fr\/\">https:\/\/www.tenk.fr\/<\/a><\/li>\n<\/ul>\n<p>&nbsp;<\/p>\n<ol start=\"3\">\n<li>Coordonner les actions locales\u00a0:<\/li>\n<\/ol>\n<p>Quelle coordination et \u00e0 quelle \u00e9chelle\u00a0?<\/p>\n<p>Le r\u00f4le de l\u2019initiative r\u00e9gionale pour constituer un circuit vertueux (salles, festivals, \u00e9ducation \u00e0 l\u2019image\u2026)<\/p>\n<p>En pr\u00e9sence de\u00a0:<\/p>\n<ul>\n<li>Acid, Association du cin\u00e9ma ind\u00e9pendant pour sa diffusion, Karine Ramette, charg\u00e9e des relations au public.<\/li>\n<li>Alca, Emmanuel Feuli\u00e9, Directeur Cin\u00e9ma.<\/li>\n<li>Cina, Cin\u00e9mas ind\u00e9pendants de Nouvelle-Aquitaine, St\u00e9phanie Vigier, D\u00e9l\u00e9gu\u00e9e g\u00e9n\u00e9rale.<\/li>\n<li>CNC, Direction de la cr\u00e9ation, des territoires et des publiques, Daphn\u00e9 Bruneau, directrice adjointe.<\/li>\n<li>Collectif des festivals de Nouvelle-Aquitaine, Maguy Cisterne, directrice des Rencontres internationales du Moyen M\u00e9trage de Brive.<\/li>\n<li>Les Yeux Verts, P\u00f4le d\u2019\u00e9ducation \u00e0 l\u2019image et de diffusion, Olivier Gouery, responsable. <a href=\"https:\/\/www.lesyeuxverts.com\/\" target=\"_blank\" rel=\"noopener\">En savoir plus<\/a><\/li>\n<\/ul>\n<p>*************************<\/p>\n<p>Pour aller plus loin :<\/p>\n<p><a href=\"http:\/\/produire-en-nouvelle-aquitaine.org\/wp-content\/uploads\/2020\/12\/ACAP_SYNTHESE-_ETUDE_JEUNES_ECRANS_webV21.pdf\" target=\"_blank\" rel=\"noopener\">\u00c9tude de l&rsquo;Acap sur les habitudes de consommation des \u00e9crans des jeunes.<\/a><\/p>\n<p>****************************<\/p>\n<p>Territoire(s) d&rsquo;images est possible gr\u00e2ce a soutien de la R\u00e9gion Nouvelle-Aquitaine, de l&rsquo;Alca et de la Drac.<\/p>\n<p>&nbsp;<\/p>\n","protected":false},"excerpt":{"rendered":"<p>Territoire(s) d&rsquo;images 2020 s&rsquo;est tenu en ligne sous une forme resserr\u00e9e de s\u00e9minaire ouvert \u00e0 tous. C&rsquo;\u00e9tait le 10 d\u00e9cembre 2020, de 14h \u00e0 17h, vous avez \u00e9t\u00e9 nombreux \u00e0 y participer et c&rsquo;\u00e9tait passionnant. Vous retrouverez ci-dessous la programmation avec des pr\u00e9cisions sur nos invit\u00e9s, et le lien vers la vid\u00e9o de l&rsquo;apr\u00e8s-midi pour&hellip; <a href=\"https:\/\/produire-en-nouvelle-aquitaine.org\/index.php\/2020\/12\/15\/territoires-dimages-2020-le-bilan\/\" class=\"more-link\">Lire la suite <span class=\"screen-reader-text\">Territoire(s) d&rsquo;images 2020, le bilan<\/span><\/a><\/p>\n","protected":false},"author":1,"featured_media":0,"comment_status":"closed","ping_status":"closed","sticky":false,"template":"","format":"standard","meta":{"footnotes":""},"categories":[4],"tags":[],"_links":{"self":[{"href":"https:\/\/produire-en-nouvelle-aquitaine.org\/index.php\/wp-json\/wp\/v2\/posts\/2245"}],"collection":[{"href":"https:\/\/produire-en-nouvelle-aquitaine.org\/index.php\/wp-json\/wp\/v2\/posts"}],"about":[{"href":"https:\/\/produire-en-nouvelle-aquitaine.org\/index.php\/wp-json\/wp\/v2\/types\/post"}],"author":[{"embeddable":true,"href":"https:\/\/produire-en-nouvelle-aquitaine.org\/index.php\/wp-json\/wp\/v2\/users\/1"}],"replies":[{"embeddable":true,"href":"https:\/\/produire-en-nouvelle-aquitaine.org\/index.php\/wp-json\/wp\/v2\/comments?post=2245"}],"version-history":[{"count":11,"href":"https:\/\/produire-en-nouvelle-aquitaine.org\/index.php\/wp-json\/wp\/v2\/posts\/2245\/revisions"}],"predecessor-version":[{"id":2273,"href":"https:\/\/produire-en-nouvelle-aquitaine.org\/index.php\/wp-json\/wp\/v2\/posts\/2245\/revisions\/2273"}],"wp:attachment":[{"href":"https:\/\/produire-en-nouvelle-aquitaine.org\/index.php\/wp-json\/wp\/v2\/media?parent=2245"}],"wp:term":[{"taxonomy":"category","embeddable":true,"href":"https:\/\/produire-en-nouvelle-aquitaine.org\/index.php\/wp-json\/wp\/v2\/categories?post=2245"},{"taxonomy":"post_tag","embeddable":true,"href":"https:\/\/produire-en-nouvelle-aquitaine.org\/index.php\/wp-json\/wp\/v2\/tags?post=2245"}],"curies":[{"name":"wp","href":"https:\/\/api.w.org\/{rel}","templated":true}]}}