{"id":2230,"date":"2020-11-20T13:01:03","date_gmt":"2020-11-20T12:01:03","guid":{"rendered":"http:\/\/produire-en-nouvelle-aquitaine.org\/?p=2230"},"modified":"2020-12-02T19:00:49","modified_gmt":"2020-12-02T18:00:49","slug":"territoires-dimage-2020-en-ligne","status":"publish","type":"post","link":"https:\/\/produire-en-nouvelle-aquitaine.org\/index.php\/2020\/11\/20\/territoires-dimage-2020-en-ligne\/","title":{"rendered":"Territoire(s) d&rsquo;image 2020, en ligne"},"content":{"rendered":"<p>Territoire(s) d&rsquo;images aura lieu en 2020, sous forme resserr\u00e9e en visioconf\u00e9rence et OUVERT \u00c0 TOUTES ET TOUS.\u00a0 \u00e9tudiants et professionnels de l&rsquo;audiovisuel et du cin\u00e9ma, assistez au s\u00e9minaire en ligne le jeudi 10 d\u00e9cembre de 14 \u00e0 17h !<\/p>\n<p><span style=\"color: #ff6600;\">D\u00e9couvrir le programme, les invit\u00e9s et trouver le lien de visionnage <a style=\"color: #ff6600;\" href=\"http:\/\/produire-en-nouvelle-aquitaine.org\/index.php\/territoires-dimages\/\" target=\"_blank\" rel=\"noopener\">en cliquant l\u00e0<\/a><\/span><\/p>\n","protected":false},"excerpt":{"rendered":"<p>Territoire(s) d&rsquo;images aura lieu en 2020, sous forme resserr\u00e9e en visioconf\u00e9rence et OUVERT \u00c0 TOUTES ET TOUS.\u00a0 \u00e9tudiants et professionnels de l&rsquo;audiovisuel et du cin\u00e9ma, assistez au s\u00e9minaire en ligne le jeudi 10 d\u00e9cembre de 14 \u00e0 17h ! D\u00e9couvrir le programme, les invit\u00e9s et trouver le lien de visionnage en cliquant l\u00e0<\/p>\n","protected":false},"author":1,"featured_media":0,"comment_status":"closed","ping_status":"closed","sticky":false,"template":"","format":"standard","meta":{"footnotes":""},"categories":[4],"tags":[],"_links":{"self":[{"href":"https:\/\/produire-en-nouvelle-aquitaine.org\/index.php\/wp-json\/wp\/v2\/posts\/2230"}],"collection":[{"href":"https:\/\/produire-en-nouvelle-aquitaine.org\/index.php\/wp-json\/wp\/v2\/posts"}],"about":[{"href":"https:\/\/produire-en-nouvelle-aquitaine.org\/index.php\/wp-json\/wp\/v2\/types\/post"}],"author":[{"embeddable":true,"href":"https:\/\/produire-en-nouvelle-aquitaine.org\/index.php\/wp-json\/wp\/v2\/users\/1"}],"replies":[{"embeddable":true,"href":"https:\/\/produire-en-nouvelle-aquitaine.org\/index.php\/wp-json\/wp\/v2\/comments?post=2230"}],"version-history":[{"count":3,"href":"https:\/\/produire-en-nouvelle-aquitaine.org\/index.php\/wp-json\/wp\/v2\/posts\/2230\/revisions"}],"predecessor-version":[{"id":2238,"href":"https:\/\/produire-en-nouvelle-aquitaine.org\/index.php\/wp-json\/wp\/v2\/posts\/2230\/revisions\/2238"}],"wp:attachment":[{"href":"https:\/\/produire-en-nouvelle-aquitaine.org\/index.php\/wp-json\/wp\/v2\/media?parent=2230"}],"wp:term":[{"taxonomy":"category","embeddable":true,"href":"https:\/\/produire-en-nouvelle-aquitaine.org\/index.php\/wp-json\/wp\/v2\/categories?post=2230"},{"taxonomy":"post_tag","embeddable":true,"href":"https:\/\/produire-en-nouvelle-aquitaine.org\/index.php\/wp-json\/wp\/v2\/tags?post=2230"}],"curies":[{"name":"wp","href":"https:\/\/api.w.org\/{rel}","templated":true}]}}