{"id":2219,"date":"2020-11-16T11:35:13","date_gmt":"2020-11-16T10:35:13","guid":{"rendered":"http:\/\/produire-en-nouvelle-aquitaine.org\/?p=2219"},"modified":"2020-11-20T12:56:57","modified_gmt":"2020-11-20T11:56:57","slug":"assemblee-generale-de-la-pena","status":"publish","type":"post","link":"https:\/\/produire-en-nouvelle-aquitaine.org\/index.php\/2020\/11\/16\/assemblee-generale-de-la-pena\/","title":{"rendered":"Assembl\u00e9e g\u00e9n\u00e9rale de la Pe\u00f1a"},"content":{"rendered":"<p>Les soci\u00e9t\u00e9s adh\u00e9rentes de la Pe\u00f1a sont invit\u00e9es \u00e0 se retrouver pour leur assembl\u00e9e g\u00e9n\u00e9rale\u00a0 le 11 d\u00e9cembre \u00e0 14h en visioconf\u00e9rence Zoom. Le lien de connection sera transmis dans notre bulletin des adh\u00e9rents ou sur demande aupr\u00e8s de notre coordinatrice.<\/p>\n<p>&nbsp;<\/p>\n","protected":false},"excerpt":{"rendered":"<p>Les soci\u00e9t\u00e9s adh\u00e9rentes de la Pe\u00f1a sont invit\u00e9es \u00e0 se retrouver pour leur assembl\u00e9e g\u00e9n\u00e9rale\u00a0 le 11 d\u00e9cembre \u00e0 14h en visioconf\u00e9rence Zoom. Le lien de connection sera transmis dans notre bulletin des adh\u00e9rents ou sur demande aupr\u00e8s de notre coordinatrice. &nbsp;<\/p>\n","protected":false},"author":1,"featured_media":0,"comment_status":"closed","ping_status":"closed","sticky":false,"template":"","format":"standard","meta":{"footnotes":""},"categories":[3],"tags":[],"_links":{"self":[{"href":"https:\/\/produire-en-nouvelle-aquitaine.org\/index.php\/wp-json\/wp\/v2\/posts\/2219"}],"collection":[{"href":"https:\/\/produire-en-nouvelle-aquitaine.org\/index.php\/wp-json\/wp\/v2\/posts"}],"about":[{"href":"https:\/\/produire-en-nouvelle-aquitaine.org\/index.php\/wp-json\/wp\/v2\/types\/post"}],"author":[{"embeddable":true,"href":"https:\/\/produire-en-nouvelle-aquitaine.org\/index.php\/wp-json\/wp\/v2\/users\/1"}],"replies":[{"embeddable":true,"href":"https:\/\/produire-en-nouvelle-aquitaine.org\/index.php\/wp-json\/wp\/v2\/comments?post=2219"}],"version-history":[{"count":6,"href":"https:\/\/produire-en-nouvelle-aquitaine.org\/index.php\/wp-json\/wp\/v2\/posts\/2219\/revisions"}],"predecessor-version":[{"id":2225,"href":"https:\/\/produire-en-nouvelle-aquitaine.org\/index.php\/wp-json\/wp\/v2\/posts\/2219\/revisions\/2225"}],"wp:attachment":[{"href":"https:\/\/produire-en-nouvelle-aquitaine.org\/index.php\/wp-json\/wp\/v2\/media?parent=2219"}],"wp:term":[{"taxonomy":"category","embeddable":true,"href":"https:\/\/produire-en-nouvelle-aquitaine.org\/index.php\/wp-json\/wp\/v2\/categories?post=2219"},{"taxonomy":"post_tag","embeddable":true,"href":"https:\/\/produire-en-nouvelle-aquitaine.org\/index.php\/wp-json\/wp\/v2\/tags?post=2219"}],"curies":[{"name":"wp","href":"https:\/\/api.w.org\/{rel}","templated":true}]}}