{"id":2058,"date":"2020-03-06T13:38:56","date_gmt":"2020-03-06T12:38:56","guid":{"rendered":"http:\/\/produire-en-nouvelle-aquitaine.org\/?p=2058"},"modified":"2020-03-06T13:38:56","modified_gmt":"2020-03-06T12:38:56","slug":"cinema-du-reel-2020-bravo-a-latelier-documentaire-et-a-lucas-vernier","status":"publish","type":"post","link":"https:\/\/produire-en-nouvelle-aquitaine.org\/index.php\/2020\/03\/06\/cinema-du-reel-2020-bravo-a-latelier-documentaire-et-a-lucas-vernier\/","title":{"rendered":"CIN\u00c9MA DU R\u00c9EL 2020-Bravo \u00e0 L&rsquo;Atelier documentaire et \u00e0 Lucas Vernier !"},"content":{"rendered":"<p><strong><img loading=\"lazy\" decoding=\"async\" class=\"alignnone size-full wp-image-2059\" src=\"http:\/\/produire-en-nouvelle-aquitaine.org\/wp-content\/uploads\/2020\/03\/ahlan_wa_sahlan008.jpg\" alt=\"\" width=\"5333\" height=\"3000\" srcset=\"https:\/\/produire-en-nouvelle-aquitaine.org\/wp-content\/uploads\/2020\/03\/ahlan_wa_sahlan008.jpg 5333w, https:\/\/produire-en-nouvelle-aquitaine.org\/wp-content\/uploads\/2020\/03\/ahlan_wa_sahlan008-300x169.jpg 300w, https:\/\/produire-en-nouvelle-aquitaine.org\/wp-content\/uploads\/2020\/03\/ahlan_wa_sahlan008-768x432.jpg 768w, https:\/\/produire-en-nouvelle-aquitaine.org\/wp-content\/uploads\/2020\/03\/ahlan_wa_sahlan008-1024x576.jpg 1024w, https:\/\/produire-en-nouvelle-aquitaine.org\/wp-content\/uploads\/2020\/03\/ahlan_wa_sahlan008-1320x743.jpg 1320w\" sizes=\"(max-width: 5333px) 100vw, 5333px\" \/>Ahlan Wa Sahlan<\/strong> de Lucas Vernier, l\u2019Atelier documentaire, 95\u2019<\/p>\n<p><em>En 2009, je filme en Syrie. Renouant les fils d\u2019une m\u00e9moire familiale qui remonte au temps du Mandat fran\u00e7ais, je me lie \u00e0 des familles syriennes de Palmyre. En 2011 surgit la R\u00e9volution, puis la violente r\u00e9pression du r\u00e9gime qui m\u2019oblige \u00e0 arr\u00eater de tourner. 2019, je reprends la cam\u00e9ra pour retrouver ces hommes \u00e0 qui j\u2019avais dit \u00ab\u00a0\u00e0 bient\u00f4t\u00a0\u00bb?<\/em><\/p>\n","protected":false},"excerpt":{"rendered":"<p>Ahlan Wa Sahlan de Lucas Vernier, l\u2019Atelier documentaire, 95\u2019 En 2009, je filme en Syrie. Renouant les fils d\u2019une m\u00e9moire familiale qui remonte au temps du Mandat fran\u00e7ais, je me lie \u00e0 des familles syriennes de Palmyre. En 2011 surgit la R\u00e9volution, puis la violente r\u00e9pression du r\u00e9gime qui m\u2019oblige \u00e0 arr\u00eater de tourner. 2019,&hellip; <a href=\"https:\/\/produire-en-nouvelle-aquitaine.org\/index.php\/2020\/03\/06\/cinema-du-reel-2020-bravo-a-latelier-documentaire-et-a-lucas-vernier\/\" class=\"more-link\">Lire la suite <span class=\"screen-reader-text\">CIN\u00c9MA DU R\u00c9EL 2020-Bravo \u00e0 L&rsquo;Atelier documentaire et \u00e0 Lucas Vernier !<\/span><\/a><\/p>\n","protected":false},"author":1,"featured_media":0,"comment_status":"closed","ping_status":"closed","sticky":false,"template":"","format":"standard","meta":{"footnotes":""},"categories":[3],"tags":[],"_links":{"self":[{"href":"https:\/\/produire-en-nouvelle-aquitaine.org\/index.php\/wp-json\/wp\/v2\/posts\/2058"}],"collection":[{"href":"https:\/\/produire-en-nouvelle-aquitaine.org\/index.php\/wp-json\/wp\/v2\/posts"}],"about":[{"href":"https:\/\/produire-en-nouvelle-aquitaine.org\/index.php\/wp-json\/wp\/v2\/types\/post"}],"author":[{"embeddable":true,"href":"https:\/\/produire-en-nouvelle-aquitaine.org\/index.php\/wp-json\/wp\/v2\/users\/1"}],"replies":[{"embeddable":true,"href":"https:\/\/produire-en-nouvelle-aquitaine.org\/index.php\/wp-json\/wp\/v2\/comments?post=2058"}],"version-history":[{"count":4,"href":"https:\/\/produire-en-nouvelle-aquitaine.org\/index.php\/wp-json\/wp\/v2\/posts\/2058\/revisions"}],"predecessor-version":[{"id":2082,"href":"https:\/\/produire-en-nouvelle-aquitaine.org\/index.php\/wp-json\/wp\/v2\/posts\/2058\/revisions\/2082"}],"wp:attachment":[{"href":"https:\/\/produire-en-nouvelle-aquitaine.org\/index.php\/wp-json\/wp\/v2\/media?parent=2058"}],"wp:term":[{"taxonomy":"category","embeddable":true,"href":"https:\/\/produire-en-nouvelle-aquitaine.org\/index.php\/wp-json\/wp\/v2\/categories?post=2058"},{"taxonomy":"post_tag","embeddable":true,"href":"https:\/\/produire-en-nouvelle-aquitaine.org\/index.php\/wp-json\/wp\/v2\/tags?post=2058"}],"curies":[{"name":"wp","href":"https:\/\/api.w.org\/{rel}","templated":true}]}}