{"id":2045,"date":"2020-03-06T11:51:03","date_gmt":"2020-03-06T10:51:03","guid":{"rendered":"http:\/\/produire-en-nouvelle-aquitaine.org\/?p=2045"},"modified":"2020-03-06T11:51:03","modified_gmt":"2020-03-06T10:51:03","slug":"rotterdam-2020-deux-producteurs-neo-aquitains-ont-vu-leurs-films-selectionnes-au-festival-international-du-film-de-rotterdam","status":"publish","type":"post","link":"https:\/\/produire-en-nouvelle-aquitaine.org\/index.php\/2020\/03\/06\/rotterdam-2020-deux-producteurs-neo-aquitains-ont-vu-leurs-films-selectionnes-au-festival-international-du-film-de-rotterdam\/","title":{"rendered":"ROTTERDAM 2020 Deux producteurs n\u00e9o-aquitains ont vu leurs films s\u00e9lectionn\u00e9s au Festival international du Film de Rotterdam."},"content":{"rendered":"<p>Le long-m\u00e9trage de fiction franco-v\u00e9n\u00e9zu\u00e9lien <strong>La Fortaleza<\/strong> de Jorge Thielen Armand, s\u00e9lectionn\u00e9 \u00e0 la Tiger Competition, a \u00e9t\u00e9 projet\u00e9 en premi\u00e8re mondiale \u00e0 Rotterdam. In Vivo Films d\u00e9veloppe actuellement le prochain long-m\u00e9trage de Jorge, <em>La Cercania<\/em>, qui vient d\u2019\u00eatre s\u00e9lectionn\u00e9 au programme ScriptLab du Torino Film Lab et qui participera \u00e0 la Script Station de la Berlinale en f\u00e9vrier.<\/p>\n<p><img loading=\"lazy\" decoding=\"async\" class=\"alignnone size-full wp-image-2047\" src=\"http:\/\/produire-en-nouvelle-aquitaine.org\/wp-content\/uploads\/2020\/03\/e8787b96-bc8f-4402-bb02-1bd41159af54.jpeg\" alt=\"\" width=\"960\" height=\"421\" srcset=\"https:\/\/produire-en-nouvelle-aquitaine.org\/wp-content\/uploads\/2020\/03\/e8787b96-bc8f-4402-bb02-1bd41159af54.jpeg 960w, https:\/\/produire-en-nouvelle-aquitaine.org\/wp-content\/uploads\/2020\/03\/e8787b96-bc8f-4402-bb02-1bd41159af54-300x132.jpeg 300w, https:\/\/produire-en-nouvelle-aquitaine.org\/wp-content\/uploads\/2020\/03\/e8787b96-bc8f-4402-bb02-1bd41159af54-768x337.jpeg 768w\" sizes=\"(max-width: 960px) 100vw, 960px\" \/><\/p>\n<p><img loading=\"lazy\" decoding=\"async\" class=\"alignnone size-full wp-image-2046\" src=\"http:\/\/produire-en-nouvelle-aquitaine.org\/wp-content\/uploads\/2020\/03\/08c526b1-3a66-47c8-928b-f1404b9e3840.jpg\" alt=\"\" width=\"1200\" height=\"649\" srcset=\"https:\/\/produire-en-nouvelle-aquitaine.org\/wp-content\/uploads\/2020\/03\/08c526b1-3a66-47c8-928b-f1404b9e3840.jpg 1200w, https:\/\/produire-en-nouvelle-aquitaine.org\/wp-content\/uploads\/2020\/03\/08c526b1-3a66-47c8-928b-f1404b9e3840-300x162.jpg 300w, https:\/\/produire-en-nouvelle-aquitaine.org\/wp-content\/uploads\/2020\/03\/08c526b1-3a66-47c8-928b-f1404b9e3840-768x415.jpg 768w, https:\/\/produire-en-nouvelle-aquitaine.org\/wp-content\/uploads\/2020\/03\/08c526b1-3a66-47c8-928b-f1404b9e3840-1024x554.jpg 1024w\" sizes=\"(max-width: 1200px) 100vw, 1200px\" \/><\/p>\n<p><strong>L\u2019\u00c9tat sauvage<\/strong>, long m\u00e9trage de David Perrault, a aussi \u00e9t\u00e9 s\u00e9lectionn\u00e9 \u00e0 Rotterdam, section \u00ab Rotterd\u00e4mmerung \u00bb.<br \/>\nCoproduction\u00a0: 1001 productions, M\u00e9tafilms (Montr\u00e9al) et Uproduction<br \/>\nDistribution\u00a0: Pyramide<\/p>\n<p><em>\u00c9tats-Unis, 1861, la guerre de S\u00e9cession fait rage. Une famille de colons fran\u00e7ais d\u00e9cide de fuir le Missouri o\u00f9 ils vivent depuis 20 ans. Edmond, Madeleine et leurs trois filles doivent traverser tout le pays pour prendre le premier bateau qui les ram\u00e8nera en France. Victor, ancien mercenaire au comportement myst\u00e9rieux, est charg\u00e9 de veiller \u00e0 la s\u00e9curit\u00e9 du voyage&#8230;<\/em><\/p>\n<p>&nbsp;<\/p>\n","protected":false},"excerpt":{"rendered":"<p>Le long-m\u00e9trage de fiction franco-v\u00e9n\u00e9zu\u00e9lien La Fortaleza de Jorge Thielen Armand, s\u00e9lectionn\u00e9 \u00e0 la Tiger Competition, a \u00e9t\u00e9 projet\u00e9 en premi\u00e8re mondiale \u00e0 Rotterdam. In Vivo Films d\u00e9veloppe actuellement le prochain long-m\u00e9trage de Jorge, La Cercania, qui vient d\u2019\u00eatre s\u00e9lectionn\u00e9 au programme ScriptLab du Torino Film Lab et qui participera \u00e0 la Script Station de&hellip; <a href=\"https:\/\/produire-en-nouvelle-aquitaine.org\/index.php\/2020\/03\/06\/rotterdam-2020-deux-producteurs-neo-aquitains-ont-vu-leurs-films-selectionnes-au-festival-international-du-film-de-rotterdam\/\" class=\"more-link\">Lire la suite <span class=\"screen-reader-text\">ROTTERDAM 2020 Deux producteurs n\u00e9o-aquitains ont vu leurs films s\u00e9lectionn\u00e9s au Festival international du Film de Rotterdam.<\/span><\/a><\/p>\n","protected":false},"author":1,"featured_media":0,"comment_status":"closed","ping_status":"closed","sticky":false,"template":"","format":"standard","meta":{"footnotes":""},"categories":[3],"tags":[],"_links":{"self":[{"href":"https:\/\/produire-en-nouvelle-aquitaine.org\/index.php\/wp-json\/wp\/v2\/posts\/2045"}],"collection":[{"href":"https:\/\/produire-en-nouvelle-aquitaine.org\/index.php\/wp-json\/wp\/v2\/posts"}],"about":[{"href":"https:\/\/produire-en-nouvelle-aquitaine.org\/index.php\/wp-json\/wp\/v2\/types\/post"}],"author":[{"embeddable":true,"href":"https:\/\/produire-en-nouvelle-aquitaine.org\/index.php\/wp-json\/wp\/v2\/users\/1"}],"replies":[{"embeddable":true,"href":"https:\/\/produire-en-nouvelle-aquitaine.org\/index.php\/wp-json\/wp\/v2\/comments?post=2045"}],"version-history":[{"count":2,"href":"https:\/\/produire-en-nouvelle-aquitaine.org\/index.php\/wp-json\/wp\/v2\/posts\/2045\/revisions"}],"predecessor-version":[{"id":2049,"href":"https:\/\/produire-en-nouvelle-aquitaine.org\/index.php\/wp-json\/wp\/v2\/posts\/2045\/revisions\/2049"}],"wp:attachment":[{"href":"https:\/\/produire-en-nouvelle-aquitaine.org\/index.php\/wp-json\/wp\/v2\/media?parent=2045"}],"wp:term":[{"taxonomy":"category","embeddable":true,"href":"https:\/\/produire-en-nouvelle-aquitaine.org\/index.php\/wp-json\/wp\/v2\/categories?post=2045"},{"taxonomy":"post_tag","embeddable":true,"href":"https:\/\/produire-en-nouvelle-aquitaine.org\/index.php\/wp-json\/wp\/v2\/tags?post=2045"}],"curies":[{"name":"wp","href":"https:\/\/api.w.org\/{rel}","templated":true}]}}