{"id":2030,"date":"2020-02-12T12:46:06","date_gmt":"2020-02-12T11:46:06","guid":{"rendered":"http:\/\/produire-en-nouvelle-aquitaine.org\/?p=2030"},"modified":"2020-02-13T11:33:48","modified_gmt":"2020-02-13T10:33:48","slug":"avant-premiere-du-documentaire-jeunes-de-service-de-jerome-polidor","status":"publish","type":"post","link":"https:\/\/produire-en-nouvelle-aquitaine.org\/index.php\/2020\/02\/12\/avant-premiere-du-documentaire-jeunes-de-service-de-jerome-polidor\/","title":{"rendered":"Avant-Premi\u00e8re du documentaire *Jeunes de service de J\u00e9r\u00f4me Polidor*"},"content":{"rendered":"<p class=\"gmail-p3\"><img loading=\"lazy\" decoding=\"async\" class=\"alignnone size-full wp-image-2032\" src=\"http:\/\/produire-en-nouvelle-aquitaine.org\/wp-content\/uploads\/2020\/02\/002_JDS_HAZEL_moyendef.jpg\" alt=\"\" width=\"1772\" height=\"997\" srcset=\"https:\/\/produire-en-nouvelle-aquitaine.org\/wp-content\/uploads\/2020\/02\/002_JDS_HAZEL_moyendef.jpg 1772w, https:\/\/produire-en-nouvelle-aquitaine.org\/wp-content\/uploads\/2020\/02\/002_JDS_HAZEL_moyendef-300x169.jpg 300w, https:\/\/produire-en-nouvelle-aquitaine.org\/wp-content\/uploads\/2020\/02\/002_JDS_HAZEL_moyendef-768x432.jpg 768w, https:\/\/produire-en-nouvelle-aquitaine.org\/wp-content\/uploads\/2020\/02\/002_JDS_HAZEL_moyendef-1024x576.jpg 1024w, https:\/\/produire-en-nouvelle-aquitaine.org\/wp-content\/uploads\/2020\/02\/002_JDS_HAZEL_moyendef-1320x743.jpg 1320w\" sizes=\"(max-width: 1772px) 100vw, 1772px\" \/>Le film <i>Jeunes de Service<\/i> de J\u00e9r\u00f4me Polidor sera projet\u00e9 en avant-premi\u00e8re le samedi 15 f\u00e9vrier \u00e0 14h au cin\u00e9ma TAP Castille, 24 place du Mar\u00e9chal-Leclerc, 86000 Poitiers,\u00a0en pr\u00e9sence du r\u00e9alisateur et de l\u2019\u00e9quipe du film dans le cadre du Festival Filmer le Travail.<\/p>\n<p class=\"gmail-p3\">Le film est laur\u00e9at de l\u2019appel \u00e0 projets de films documentaire du Festival Filmer le Travail \/ France 3 Nouvelle Aquitaine 2019.<\/p>\n<p class=\"gmail-p3\">Le film sera ensuite suivi\u00a0d\u2019une conf\u00e9rence \u00e0 16h30 <b>:<\/b>\u00a0\u00ab\u00a0Le travail f\u00e9minin dans le secteur associatif, du salariat au volontariat en service civique\u00a0\u00bb\u00a0par Florence Ihaddadene et Pauline de Bortoli, \u00e0 la\u00a0M\u00e9diath\u00e8que Fran\u00e7ois Mitterrand \u2013 Salle Bloch, 4 rue de l\u2019Universit\u00e9, 86000 Poitiers.<\/p>\n<p class=\"gmail-p3\"><i>Jeunes de Service<\/i> sera \u00e9galement diffus\u00e9 sur France 3 Nouvelle-Aquitaine le 17 f\u00e9vrier \u00e0 23h et le 21 f\u00e9vrier \u00e0 9h15.<\/p>\n<p class=\"gmail-p3\"><i>Une vingtaine de jeunes adultes engag\u00e9s en service civique par l\u2019association Unis-cit\u00e9 tentent de mener \u00e0 bien des missions citoyennes dans des \u00e9tablissements scolaires et des institutions de Poitiers. Mais la r\u00e9alit\u00e9 du terrain apporte son lot de d\u00e9sillusions. Chacun r\u00e9agit \u00e0 sa mani\u00e8re : adh\u00e9sion, indiff\u00e9rence, r\u00e9signation ou positionnement critique. Quelles perspectives le service civique offre-t-il \u00e0 la jeunesse ?<\/i><\/p>\n<p class=\"gmail-p3\">France \/ Documentaire \/ 52\u2032 \/\u00a0<a href=\"http:\/\/www.corpusfilms.org\/\">Corpus Films<\/a>\u00a0et\u00a0<a href=\"https:\/\/francetvstudio.fr\/\">France T\u00e9l\u00e9visions\u00a0<\/a>\u00a0\u2013 Avec le soutien de la r\u00e9gion Nouvelle Aquitaine du CNC de la Procirep et de l\u2019Angoa.<\/p>\n","protected":false},"excerpt":{"rendered":"<p>Le film Jeunes de Service de J\u00e9r\u00f4me Polidor sera projet\u00e9 en avant-premi\u00e8re le samedi 15 f\u00e9vrier \u00e0 14h au cin\u00e9ma TAP Castille, 24 place du Mar\u00e9chal-Leclerc, 86000 Poitiers,\u00a0en pr\u00e9sence du r\u00e9alisateur et de l\u2019\u00e9quipe du film dans le cadre du Festival Filmer le Travail. Le film est laur\u00e9at de l\u2019appel \u00e0 projets de films documentaire&hellip; <a href=\"https:\/\/produire-en-nouvelle-aquitaine.org\/index.php\/2020\/02\/12\/avant-premiere-du-documentaire-jeunes-de-service-de-jerome-polidor\/\" class=\"more-link\">Lire la suite <span class=\"screen-reader-text\">Avant-Premi\u00e8re du documentaire *Jeunes de service de J\u00e9r\u00f4me Polidor*<\/span><\/a><\/p>\n","protected":false},"author":1,"featured_media":0,"comment_status":"closed","ping_status":"closed","sticky":false,"template":"","format":"standard","meta":{"footnotes":""},"categories":[6],"tags":[],"_links":{"self":[{"href":"https:\/\/produire-en-nouvelle-aquitaine.org\/index.php\/wp-json\/wp\/v2\/posts\/2030"}],"collection":[{"href":"https:\/\/produire-en-nouvelle-aquitaine.org\/index.php\/wp-json\/wp\/v2\/posts"}],"about":[{"href":"https:\/\/produire-en-nouvelle-aquitaine.org\/index.php\/wp-json\/wp\/v2\/types\/post"}],"author":[{"embeddable":true,"href":"https:\/\/produire-en-nouvelle-aquitaine.org\/index.php\/wp-json\/wp\/v2\/users\/1"}],"replies":[{"embeddable":true,"href":"https:\/\/produire-en-nouvelle-aquitaine.org\/index.php\/wp-json\/wp\/v2\/comments?post=2030"}],"version-history":[{"count":8,"href":"https:\/\/produire-en-nouvelle-aquitaine.org\/index.php\/wp-json\/wp\/v2\/posts\/2030\/revisions"}],"predecessor-version":[{"id":2041,"href":"https:\/\/produire-en-nouvelle-aquitaine.org\/index.php\/wp-json\/wp\/v2\/posts\/2030\/revisions\/2041"}],"wp:attachment":[{"href":"https:\/\/produire-en-nouvelle-aquitaine.org\/index.php\/wp-json\/wp\/v2\/media?parent=2030"}],"wp:term":[{"taxonomy":"category","embeddable":true,"href":"https:\/\/produire-en-nouvelle-aquitaine.org\/index.php\/wp-json\/wp\/v2\/categories?post=2030"},{"taxonomy":"post_tag","embeddable":true,"href":"https:\/\/produire-en-nouvelle-aquitaine.org\/index.php\/wp-json\/wp\/v2\/tags?post=2030"}],"curies":[{"name":"wp","href":"https:\/\/api.w.org\/{rel}","templated":true}]}}