{"id":1870,"date":"2019-11-21T12:04:38","date_gmt":"2019-11-21T11:04:38","guid":{"rendered":"http:\/\/produire-en-nouvelle-aquitaine.org\/?p=1870"},"modified":"2019-12-10T00:54:43","modified_gmt":"2019-12-09T23:54:43","slug":"territoires-dimages-2019-le-programme","status":"publish","type":"post","link":"https:\/\/produire-en-nouvelle-aquitaine.org\/index.php\/2019\/11\/21\/territoires-dimages-2019-le-programme\/","title":{"rendered":"Territoire(s) d&rsquo;images 2019, le Programme !"},"content":{"rendered":"<p style=\"text-align: center;\"><a href=\"http:\/\/produire-en-nouvelle-aquitaine.org\/wp-content\/uploads\/2019\/11\/affiche-terr-images-2019.jpg\" target=\"_blank\" rel=\"noopener\"><img loading=\"lazy\" decoding=\"async\" class=\"aligncenter wp-image-1872\" src=\"http:\/\/produire-en-nouvelle-aquitaine.org\/wp-content\/uploads\/2019\/11\/affiche-terr-images-2019-750x1024.jpg\" alt=\"\" width=\"400\" height=\"546\" srcset=\"https:\/\/produire-en-nouvelle-aquitaine.org\/wp-content\/uploads\/2019\/11\/affiche-terr-images-2019-750x1024.jpg 750w, https:\/\/produire-en-nouvelle-aquitaine.org\/wp-content\/uploads\/2019\/11\/affiche-terr-images-2019-220x300.jpg 220w, https:\/\/produire-en-nouvelle-aquitaine.org\/wp-content\/uploads\/2019\/11\/affiche-terr-images-2019-768x1049.jpg 768w, https:\/\/produire-en-nouvelle-aquitaine.org\/wp-content\/uploads\/2019\/11\/affiche-terr-images-2019-1320x1802.jpg 1320w\" sizes=\"(max-width: 400px) 100vw, 400px\" \/><\/a><\/p>\n<p style=\"text-align: center;\"><span style=\"font-size: 18pt;\">Voil\u00e0 le programme de Territoire(s) d&rsquo;images 2019 !<\/span><\/p>\n<ul style=\"list-style-type: disc;\">\n<li>Vous voulez venir ? Inscrivez-vous en nous \u00e9crivant \u00e0 <a href=\"mailto:pena.nouvelleaquitaine@gmail.com\">pena.nouvelleaquitaine@gmail.com<\/a> (entr\u00e9e libre).<\/li>\n<li>Vous voulez rencontrer un des laur\u00e9ats de pitchs du Socle ? Prenez rendez-vous en nous \u00e9crivant \u00e0 <a href=\"mailto:pena.nouvelleaquitaine@gmail.com\">pena.nouvelleaquitaine@gmail.com<\/a><\/li>\n<\/ul>\n<table style=\"height: 17px;\" width=\"774\">\n<tbody>\n<tr>\n<td style=\"width: 379px;\"><a href=\"http:\/\/produire-en-nouvelle-aquitaine.org\/wp-content\/uploads\/2019\/12\/programme-ter-images-2019-1.pdf\" target=\"_blank\" rel=\"noopener\">T\u00e9l\u00e9charger et consulter le programme<\/a><\/p>\n<p><span style=\"text-decoration: underline;\">Changements<\/span> : Pr\u00e9sentation de la cin\u00e9math\u00e8que de Nouvelle-Aquitaine par Patrick Malefond mardi 10 \u00e0 Midi \u00e0 la BFM. Table ronde sur l&rsquo;\u00e9criture et le d\u00e9veloppement annul\u00e9e. Toute la programmation est sinon maintenue.<\/p>\n<p>&nbsp;<\/td>\n<td style=\"width: 379px;\"><a href=\"http:\/\/produire-en-nouvelle-aquitaine.org\/wp-content\/uploads\/2019\/11\/LAUREATS-DU-PITCH-LE-SOCLE-10122019.pdf\">T\u00e9l\u00e9charger la brochure de pr\u00e9sentation des laur\u00e9ats des pitchs du Socle<\/a><\/td>\n<\/tr>\n<tr>\n<td style=\"width: 379px;\"><a href=\"http:\/\/produire-en-nouvelle-aquitaine.org\/wp-content\/uploads\/2019\/12\/projection-ter-images-2019.pdf\" target=\"_blank\" rel=\"noopener\">T\u00e9l\u00e9charger et consulter le programme de projections<\/a><\/td>\n<td style=\"width: 379px;\"><\/td>\n<\/tr>\n<\/tbody>\n<\/table>\n<p><strong>Lieu :<\/strong> Limoges. Auditorium Clancier, Biblioth\u00e8que francophone multim\u00e9dia, 2 place Aim\u00e9-C\u00e9saire, 87000 Limoges.<\/p>\n<p><strong>Dates et horaires :<\/strong> Mardi 10 et mercredi 11 d\u00e9cembre \u00e0 partir de 10h.<\/p>\n<p><strong>R\u00e9gion invit\u00e9e :<\/strong> les Hauts-de-France (en pr\u00e9sence de Pictanovo, de l&rsquo;ACAP, des producteurs et auteurs de la R\u00e9gion).<\/p>\n<p>Territoire(s) d&rsquo;images est soutenu par :<\/p>\n<table style=\"height: 251px;\" width=\"783\">\n<tbody>\n<tr>\n<td style=\"width: 188.583px;\"><img loading=\"lazy\" decoding=\"async\" class=\"alignnone size-full wp-image-1886\" src=\"http:\/\/produire-en-nouvelle-aquitaine.org\/wp-content\/uploads\/2019\/11\/logo_na_horiz_NOIR_2019.png\" alt=\"\" width=\"1404\" height=\"651\" srcset=\"https:\/\/produire-en-nouvelle-aquitaine.org\/wp-content\/uploads\/2019\/11\/logo_na_horiz_NOIR_2019.png 1404w, https:\/\/produire-en-nouvelle-aquitaine.org\/wp-content\/uploads\/2019\/11\/logo_na_horiz_NOIR_2019-300x139.png 300w, https:\/\/produire-en-nouvelle-aquitaine.org\/wp-content\/uploads\/2019\/11\/logo_na_horiz_NOIR_2019-768x356.png 768w, https:\/\/produire-en-nouvelle-aquitaine.org\/wp-content\/uploads\/2019\/11\/logo_na_horiz_NOIR_2019-1024x475.png 1024w, https:\/\/produire-en-nouvelle-aquitaine.org\/wp-content\/uploads\/2019\/11\/logo_na_horiz_NOIR_2019-1320x612.png 1320w\" sizes=\"(max-width: 1404px) 100vw, 1404px\" \/><\/td>\n<td style=\"width: 189.25px;\"><img loading=\"lazy\" decoding=\"async\" class=\"alignnone size-full wp-image-1891\" src=\"http:\/\/produire-en-nouvelle-aquitaine.org\/wp-content\/uploads\/2019\/11\/Alca_Logotype.jpg\" alt=\"\" width=\"1890\" height=\"1122\" srcset=\"https:\/\/produire-en-nouvelle-aquitaine.org\/wp-content\/uploads\/2019\/11\/Alca_Logotype.jpg 1890w, https:\/\/produire-en-nouvelle-aquitaine.org\/wp-content\/uploads\/2019\/11\/Alca_Logotype-300x178.jpg 300w, https:\/\/produire-en-nouvelle-aquitaine.org\/wp-content\/uploads\/2019\/11\/Alca_Logotype-768x456.jpg 768w, https:\/\/produire-en-nouvelle-aquitaine.org\/wp-content\/uploads\/2019\/11\/Alca_Logotype-1024x608.jpg 1024w, https:\/\/produire-en-nouvelle-aquitaine.org\/wp-content\/uploads\/2019\/11\/Alca_Logotype-1320x784.jpg 1320w\" sizes=\"(max-width: 1890px) 100vw, 1890px\" \/><\/td>\n<td style=\"width: 188.583px;\"><img loading=\"lazy\" decoding=\"async\" class=\"alignnone wp-image-1887 size-thumbnail\" src=\"http:\/\/produire-en-nouvelle-aquitaine.org\/wp-content\/uploads\/2019\/11\/BM_REG-NouvelleAquitaine-150x150.jpg\" alt=\"\" width=\"150\" height=\"150\" srcset=\"https:\/\/produire-en-nouvelle-aquitaine.org\/wp-content\/uploads\/2019\/11\/BM_REG-NouvelleAquitaine-150x150.jpg 150w, https:\/\/produire-en-nouvelle-aquitaine.org\/wp-content\/uploads\/2019\/11\/BM_REG-NouvelleAquitaine-180x180.jpg 180w\" sizes=\"(max-width: 150px) 100vw, 150px\" \/><\/td>\n<td style=\"width: 188.583px;\"><img loading=\"lazy\" decoding=\"async\" class=\"alignnone size-full wp-image-1885\" src=\"http:\/\/produire-en-nouvelle-aquitaine.org\/wp-content\/uploads\/2019\/11\/Limoges-Bfm-logo-vertical.png\" alt=\"\" width=\"1038\" height=\"662\" srcset=\"https:\/\/produire-en-nouvelle-aquitaine.org\/wp-content\/uploads\/2019\/11\/Limoges-Bfm-logo-vertical.png 1038w, https:\/\/produire-en-nouvelle-aquitaine.org\/wp-content\/uploads\/2019\/11\/Limoges-Bfm-logo-vertical-300x191.png 300w, https:\/\/produire-en-nouvelle-aquitaine.org\/wp-content\/uploads\/2019\/11\/Limoges-Bfm-logo-vertical-768x490.png 768w, https:\/\/produire-en-nouvelle-aquitaine.org\/wp-content\/uploads\/2019\/11\/Limoges-Bfm-logo-vertical-1024x653.png 1024w\" sizes=\"(max-width: 1038px) 100vw, 1038px\" \/><\/td>\n<\/tr>\n<\/tbody>\n<\/table>\n<p>Merci \u00e0 Novanima pour l&rsquo;image extraite de <em>Riviera<\/em> de Jonas Schloesing : <a href=\"http:\/\/novanima.eu\/riviera\/\" target=\"_blank\" rel=\"noopener\">En savoir plus sur le film<\/a><\/p>\n<p>&nbsp;<\/p>\n","protected":false},"excerpt":{"rendered":"<p>Voil\u00e0 le programme de Territoire(s) d&rsquo;images 2019 ! Vous voulez venir ? Inscrivez-vous en nous \u00e9crivant \u00e0 pena.nouvelleaquitaine@gmail.com (entr\u00e9e libre). Vous voulez rencontrer un des laur\u00e9ats de pitchs du Socle ? Prenez rendez-vous en nous \u00e9crivant \u00e0 pena.nouvelleaquitaine@gmail.com T\u00e9l\u00e9charger et consulter le programme Changements : Pr\u00e9sentation de la cin\u00e9math\u00e8que de Nouvelle-Aquitaine par Patrick Malefond mardi&hellip; <a href=\"https:\/\/produire-en-nouvelle-aquitaine.org\/index.php\/2019\/11\/21\/territoires-dimages-2019-le-programme\/\" class=\"more-link\">Lire la suite <span class=\"screen-reader-text\">Territoire(s) d&rsquo;images 2019, le Programme !<\/span><\/a><\/p>\n","protected":false},"author":1,"featured_media":0,"comment_status":"closed","ping_status":"closed","sticky":false,"template":"","format":"standard","meta":{"footnotes":""},"categories":[4],"tags":[],"_links":{"self":[{"href":"https:\/\/produire-en-nouvelle-aquitaine.org\/index.php\/wp-json\/wp\/v2\/posts\/1870"}],"collection":[{"href":"https:\/\/produire-en-nouvelle-aquitaine.org\/index.php\/wp-json\/wp\/v2\/posts"}],"about":[{"href":"https:\/\/produire-en-nouvelle-aquitaine.org\/index.php\/wp-json\/wp\/v2\/types\/post"}],"author":[{"embeddable":true,"href":"https:\/\/produire-en-nouvelle-aquitaine.org\/index.php\/wp-json\/wp\/v2\/users\/1"}],"replies":[{"embeddable":true,"href":"https:\/\/produire-en-nouvelle-aquitaine.org\/index.php\/wp-json\/wp\/v2\/comments?post=1870"}],"version-history":[{"count":28,"href":"https:\/\/produire-en-nouvelle-aquitaine.org\/index.php\/wp-json\/wp\/v2\/posts\/1870\/revisions"}],"predecessor-version":[{"id":1919,"href":"https:\/\/produire-en-nouvelle-aquitaine.org\/index.php\/wp-json\/wp\/v2\/posts\/1870\/revisions\/1919"}],"wp:attachment":[{"href":"https:\/\/produire-en-nouvelle-aquitaine.org\/index.php\/wp-json\/wp\/v2\/media?parent=1870"}],"wp:term":[{"taxonomy":"category","embeddable":true,"href":"https:\/\/produire-en-nouvelle-aquitaine.org\/index.php\/wp-json\/wp\/v2\/categories?post=1870"},{"taxonomy":"post_tag","embeddable":true,"href":"https:\/\/produire-en-nouvelle-aquitaine.org\/index.php\/wp-json\/wp\/v2\/tags?post=1870"}],"curies":[{"name":"wp","href":"https:\/\/api.w.org\/{rel}","templated":true}]}}