{"id":1850,"date":"2019-10-09T15:29:07","date_gmt":"2019-10-09T13:29:07","guid":{"rendered":"http:\/\/produire-en-nouvelle-aquitaine.org\/?p=1850"},"modified":"2019-10-09T15:30:04","modified_gmt":"2019-10-09T13:30:04","slug":"novanima-doublement-selectionne-aux-cesar","status":"publish","type":"post","link":"https:\/\/produire-en-nouvelle-aquitaine.org\/index.php\/2019\/10\/09\/novanima-doublement-selectionne-aux-cesar\/","title":{"rendered":"Novanima doublement s\u00e9lectionn\u00e9 aux C\u00e9sar !"},"content":{"rendered":"<table style=\"height: 30px;\" width=\"851\">\n<tbody>\n<tr>\n<td style=\"width: 276.333px;\"><img loading=\"lazy\" decoding=\"async\" class=\"alignnone size-medium wp-image-1853\" src=\"http:\/\/produire-en-nouvelle-aquitaine.org\/wp-content\/uploads\/2019\/10\/Capture-d\u2019e\u0301cran-2019-10-09-a\u0300-15.27.20-212x300.png\" alt=\"\" width=\"212\" height=\"300\" srcset=\"https:\/\/produire-en-nouvelle-aquitaine.org\/wp-content\/uploads\/2019\/10\/Capture-d\u2019e\u0301cran-2019-10-09-a\u0300-15.27.20-212x300.png 212w, https:\/\/produire-en-nouvelle-aquitaine.org\/wp-content\/uploads\/2019\/10\/Capture-d\u2019e\u0301cran-2019-10-09-a\u0300-15.27.20-768x1088.png 768w, https:\/\/produire-en-nouvelle-aquitaine.org\/wp-content\/uploads\/2019\/10\/Capture-d\u2019e\u0301cran-2019-10-09-a\u0300-15.27.20-723x1024.png 723w, https:\/\/produire-en-nouvelle-aquitaine.org\/wp-content\/uploads\/2019\/10\/Capture-d\u2019e\u0301cran-2019-10-09-a\u0300-15.27.20.png 792w\" sizes=\"(max-width: 212px) 100vw, 212px\" \/><\/td>\n<td style=\"width: 276.333px;\"><img loading=\"lazy\" decoding=\"async\" class=\"alignnone size-medium wp-image-991\" src=\"http:\/\/produire-en-nouvelle-aquitaine.org\/wp-content\/uploads\/2019\/05\/Affiche-Finale-212x300.jpg\" alt=\"\" width=\"212\" height=\"300\" srcset=\"https:\/\/produire-en-nouvelle-aquitaine.org\/wp-content\/uploads\/2019\/05\/Affiche-Finale-212x300.jpg 212w, https:\/\/produire-en-nouvelle-aquitaine.org\/wp-content\/uploads\/2019\/05\/Affiche-Finale-768x1086.jpg 768w, https:\/\/produire-en-nouvelle-aquitaine.org\/wp-content\/uploads\/2019\/05\/Affiche-Finale-724x1024.jpg 724w, https:\/\/produire-en-nouvelle-aquitaine.org\/wp-content\/uploads\/2019\/05\/Affiche-Finale-1320x1867.jpg 1320w\" sizes=\"(max-width: 212px) 100vw, 212px\" \/><\/td>\n<td style=\"width: 276.333px;\"><img loading=\"lazy\" decoding=\"async\" class=\"alignnone size-medium wp-image-1852\" src=\"http:\/\/produire-en-nouvelle-aquitaine.org\/wp-content\/uploads\/2019\/10\/CESAR-LOGO-300x225.jpg\" alt=\"\" width=\"300\" height=\"225\" srcset=\"https:\/\/produire-en-nouvelle-aquitaine.org\/wp-content\/uploads\/2019\/10\/CESAR-LOGO-300x225.jpg 300w, https:\/\/produire-en-nouvelle-aquitaine.org\/wp-content\/uploads\/2019\/10\/CESAR-LOGO.jpg 720w\" sizes=\"(max-width: 300px) 100vw, 300px\" \/><\/td>\n<\/tr>\n<\/tbody>\n<\/table>\n<p>Deux films produits par le producteur n\u00e9o-aquitain Novanima ont \u00e9t\u00e9 retenus dans la s\u00e9lection courts-m\u00e9trages d&rsquo;animation des C\u00e9sar.<\/p>\n<p>Les votes seront ouverts le 2 janvier 2020.<\/p>\n<p>Il s&rsquo;agit de :<\/p>\n<p><em><strong>Mon Juke-Box<\/strong><\/em> de Florentine Grelier, soutenu aussi par TV7 Bordeaux dans le cadre du COM Nouvelle-Aquitaine. <a href=\"https:\/\/vimeo.com\/314244161\" target=\"_blank\" rel=\"noopener\">Voir la bande annonce\u00a0<\/a>&#8211; <a href=\"http:\/\/novanima.eu\/mon_juke-box\/\" target=\"_blank\" rel=\"noopener\">Fiche technique du film<\/a><\/p>\n<p><em><strong>Riviera<\/strong><\/em> de Jonas Schloesing, par ailleurs pr\u00e9s\u00e9lectionn\u00e9 pour les Oscars 2020. <a href=\"https:\/\/vimeo.com\/322670057\" target=\"_blank\" rel=\"noopener\">Voir la bande annonce<\/a> &#8211; <a href=\"http:\/\/novanima.eu\/riviera\/\" target=\"_blank\" rel=\"noopener\">Fiche technique du film<\/a><\/p>\n<p>&nbsp;<\/p>\n<p>&nbsp;<\/p>\n","protected":false},"excerpt":{"rendered":"<p>Deux films produits par le producteur n\u00e9o-aquitain Novanima ont \u00e9t\u00e9 retenus dans la s\u00e9lection courts-m\u00e9trages d&rsquo;animation des C\u00e9sar. Les votes seront ouverts le 2 janvier 2020. Il s&rsquo;agit de : Mon Juke-Box de Florentine Grelier, soutenu aussi par TV7 Bordeaux dans le cadre du COM Nouvelle-Aquitaine. Voir la bande annonce\u00a0&#8211; Fiche technique du film Riviera&hellip; <a href=\"https:\/\/produire-en-nouvelle-aquitaine.org\/index.php\/2019\/10\/09\/novanima-doublement-selectionne-aux-cesar\/\" class=\"more-link\">Lire la suite <span class=\"screen-reader-text\">Novanima doublement s\u00e9lectionn\u00e9 aux C\u00e9sar !<\/span><\/a><\/p>\n","protected":false},"author":1,"featured_media":0,"comment_status":"closed","ping_status":"closed","sticky":false,"template":"","format":"standard","meta":{"footnotes":""},"categories":[3],"tags":[],"_links":{"self":[{"href":"https:\/\/produire-en-nouvelle-aquitaine.org\/index.php\/wp-json\/wp\/v2\/posts\/1850"}],"collection":[{"href":"https:\/\/produire-en-nouvelle-aquitaine.org\/index.php\/wp-json\/wp\/v2\/posts"}],"about":[{"href":"https:\/\/produire-en-nouvelle-aquitaine.org\/index.php\/wp-json\/wp\/v2\/types\/post"}],"author":[{"embeddable":true,"href":"https:\/\/produire-en-nouvelle-aquitaine.org\/index.php\/wp-json\/wp\/v2\/users\/1"}],"replies":[{"embeddable":true,"href":"https:\/\/produire-en-nouvelle-aquitaine.org\/index.php\/wp-json\/wp\/v2\/comments?post=1850"}],"version-history":[{"count":3,"href":"https:\/\/produire-en-nouvelle-aquitaine.org\/index.php\/wp-json\/wp\/v2\/posts\/1850\/revisions"}],"predecessor-version":[{"id":1855,"href":"https:\/\/produire-en-nouvelle-aquitaine.org\/index.php\/wp-json\/wp\/v2\/posts\/1850\/revisions\/1855"}],"wp:attachment":[{"href":"https:\/\/produire-en-nouvelle-aquitaine.org\/index.php\/wp-json\/wp\/v2\/media?parent=1850"}],"wp:term":[{"taxonomy":"category","embeddable":true,"href":"https:\/\/produire-en-nouvelle-aquitaine.org\/index.php\/wp-json\/wp\/v2\/categories?post=1850"},{"taxonomy":"post_tag","embeddable":true,"href":"https:\/\/produire-en-nouvelle-aquitaine.org\/index.php\/wp-json\/wp\/v2\/tags?post=1850"}],"curies":[{"name":"wp","href":"https:\/\/api.w.org\/{rel}","templated":true}]}}