{"id":1681,"date":"2019-07-25T14:58:13","date_gmt":"2019-07-25T12:58:13","guid":{"rendered":"http:\/\/produire-en-nouvelle-aquitaine.org\/?p=1681"},"modified":"2019-07-25T15:14:10","modified_gmt":"2019-07-25T13:14:10","slug":"nouvelle-plaquette-de-presentation-de-la-pena","status":"publish","type":"post","link":"https:\/\/produire-en-nouvelle-aquitaine.org\/index.php\/2019\/07\/25\/nouvelle-plaquette-de-presentation-de-la-pena\/","title":{"rendered":"Nouvelle plaquette de pr\u00e9sentation de la Pe\u00f1a"},"content":{"rendered":"<p><span style=\"font-size: 14pt;\">D\u00e9couvrez nos missions, nos actions et nos objectifs au service de la valorisation des \u0153uvres audiovisuelles et cin\u00e9ma d&rsquo;initiative n\u00e9o-aquitaine.<\/span><\/p>\n<p><span style=\"font-size: 14pt;\"> D\u00e9couvrez les films et les auteurs des maisons de production membres de notre association.<\/span><\/p>\n<h5 style=\"text-align: center;\"><span style=\"font-size: 14pt;\">T\u00e9l\u00e9chargez notre plaquette de pr\u00e9sentation\u00a0 en cliquant l\u00e0 :<\/span><\/h5>\n<h5 style=\"text-align: center;\"><span style=\"font-size: 14pt;\"><strong><span style=\"font-size: 18pt;\"><a href=\"http:\/\/produire-en-nouvelle-aquitaine.org\/wp-content\/uploads\/2019\/07\/Pen\u0303a-Produire-en-NA-1.pdf\" target=\"_blank\" rel=\"noopener\">Pen\u0303a &#8211; Produire en NA<\/a>.<\/span><\/strong><\/span><\/h5>\n<p><span style=\"font-size: 14pt;\"><a href=\"http:\/\/produire-en-nouvelle-aquitaine.org\/wp-content\/uploads\/2019\/07\/Pen\u0303a-Produire-en-NA-1.pdf\"><img loading=\"lazy\" decoding=\"async\" class=\"aligncenter wp-image-1682 size-thumbnail\" src=\"http:\/\/produire-en-nouvelle-aquitaine.org\/wp-content\/uploads\/2019\/07\/Capture-d\u2019e\u0301cran-2019-07-25-a\u0300-14.43.00-150x150.png\" alt=\"\" width=\"150\" height=\"150\" srcset=\"https:\/\/produire-en-nouvelle-aquitaine.org\/wp-content\/uploads\/2019\/07\/Capture-d\u2019e\u0301cran-2019-07-25-a\u0300-14.43.00-150x150.png 150w, https:\/\/produire-en-nouvelle-aquitaine.org\/wp-content\/uploads\/2019\/07\/Capture-d\u2019e\u0301cran-2019-07-25-a\u0300-14.43.00-180x180.png 180w\" sizes=\"(max-width: 150px) 100vw, 150px\" \/><\/a><\/span><\/p>\n","protected":false},"excerpt":{"rendered":"<p>D\u00e9couvrez nos missions, nos actions et nos objectifs au service de la valorisation des \u0153uvres audiovisuelles et cin\u00e9ma d&rsquo;initiative n\u00e9o-aquitaine. D\u00e9couvrez les films et les auteurs des maisons de production membres de notre association. T\u00e9l\u00e9chargez notre plaquette de pr\u00e9sentation\u00a0 en cliquant l\u00e0 : Pen\u0303a &#8211; Produire en NA.<\/p>\n","protected":false},"author":1,"featured_media":0,"comment_status":"closed","ping_status":"closed","sticky":false,"template":"","format":"standard","meta":{"footnotes":""},"categories":[4],"tags":[],"_links":{"self":[{"href":"https:\/\/produire-en-nouvelle-aquitaine.org\/index.php\/wp-json\/wp\/v2\/posts\/1681"}],"collection":[{"href":"https:\/\/produire-en-nouvelle-aquitaine.org\/index.php\/wp-json\/wp\/v2\/posts"}],"about":[{"href":"https:\/\/produire-en-nouvelle-aquitaine.org\/index.php\/wp-json\/wp\/v2\/types\/post"}],"author":[{"embeddable":true,"href":"https:\/\/produire-en-nouvelle-aquitaine.org\/index.php\/wp-json\/wp\/v2\/users\/1"}],"replies":[{"embeddable":true,"href":"https:\/\/produire-en-nouvelle-aquitaine.org\/index.php\/wp-json\/wp\/v2\/comments?post=1681"}],"version-history":[{"count":7,"href":"https:\/\/produire-en-nouvelle-aquitaine.org\/index.php\/wp-json\/wp\/v2\/posts\/1681\/revisions"}],"predecessor-version":[{"id":1690,"href":"https:\/\/produire-en-nouvelle-aquitaine.org\/index.php\/wp-json\/wp\/v2\/posts\/1681\/revisions\/1690"}],"wp:attachment":[{"href":"https:\/\/produire-en-nouvelle-aquitaine.org\/index.php\/wp-json\/wp\/v2\/media?parent=1681"}],"wp:term":[{"taxonomy":"category","embeddable":true,"href":"https:\/\/produire-en-nouvelle-aquitaine.org\/index.php\/wp-json\/wp\/v2\/categories?post=1681"},{"taxonomy":"post_tag","embeddable":true,"href":"https:\/\/produire-en-nouvelle-aquitaine.org\/index.php\/wp-json\/wp\/v2\/tags?post=1681"}],"curies":[{"name":"wp","href":"https:\/\/api.w.org\/{rel}","templated":true}]}}