{"id":1024,"date":"2019-08-28T15:20:42","date_gmt":"2019-08-28T13:20:42","guid":{"rendered":"http:\/\/produire-en-nouvelle-aquitaine.org\/?p=1024"},"modified":"2019-08-28T16:46:18","modified_gmt":"2019-08-28T14:46:18","slug":"sister-productions","status":"publish","type":"post","link":"https:\/\/produire-en-nouvelle-aquitaine.org\/index.php\/2019\/08\/28\/sister-productions\/","title":{"rendered":"Sister Productions"},"content":{"rendered":"<table style=\"height: 62px; width: 780px;\">\n<tbody>\n<tr>\n<td style=\"width: 425.5px; vertical-align: top;\"><a href=\"http:\/\/produire-en-nouvelle-aquitaine.org\/wp-content\/uploads\/2019\/05\/sister-productions.jpg\" target=\"_blank\" rel=\"attachment noopener wp-att-1055\"><img loading=\"lazy\" decoding=\"async\" class=\"alignnone wp-image-1055 size-medium\" src=\"http:\/\/produire-en-nouvelle-aquitaine.org\/wp-content\/uploads\/2019\/05\/sister-productions-300x150.jpg\" alt=\"\" width=\"300\" height=\"150\" srcset=\"https:\/\/produire-en-nouvelle-aquitaine.org\/wp-content\/uploads\/2019\/05\/sister-productions-300x150.jpg 300w, https:\/\/produire-en-nouvelle-aquitaine.org\/wp-content\/uploads\/2019\/05\/sister-productions-768x384.jpg 768w, https:\/\/produire-en-nouvelle-aquitaine.org\/wp-content\/uploads\/2019\/05\/sister-productions-1024x512.jpg 1024w, https:\/\/produire-en-nouvelle-aquitaine.org\/wp-content\/uploads\/2019\/05\/sister-productions-1320x660.jpg 1320w, https:\/\/produire-en-nouvelle-aquitaine.org\/wp-content\/uploads\/2019\/05\/sister-productions.jpg 1476w\" sizes=\"(max-width: 300px) 100vw, 300px\" \/><\/a><\/td>\n<td style=\"width: 416.5px; vertical-align: top;\">\n<p><figure id=\"attachment_1054\" aria-describedby=\"caption-attachment-1054\" style=\"width: 245px\" class=\"wp-caption alignnone\"><a href=\"http:\/\/produire-en-nouvelle-aquitaine.org\/wp-content\/uploads\/2019\/05\/portrait-julie-dirigeante.jpeg\" target=\"_blank\" rel=\"attachment noopener wp-att-1054\"><img loading=\"lazy\" decoding=\"async\" class=\"wp-image-1054 size-medium\" src=\"http:\/\/produire-en-nouvelle-aquitaine.org\/wp-content\/uploads\/2019\/05\/portrait-julie-dirigeante-245x300.jpeg\" alt=\"\" width=\"245\" height=\"300\" srcset=\"https:\/\/produire-en-nouvelle-aquitaine.org\/wp-content\/uploads\/2019\/05\/portrait-julie-dirigeante-245x300.jpeg 245w, https:\/\/produire-en-nouvelle-aquitaine.org\/wp-content\/uploads\/2019\/05\/portrait-julie-dirigeante-768x940.jpeg 768w, https:\/\/produire-en-nouvelle-aquitaine.org\/wp-content\/uploads\/2019\/05\/portrait-julie-dirigeante-836x1024.jpeg 836w, https:\/\/produire-en-nouvelle-aquitaine.org\/wp-content\/uploads\/2019\/05\/portrait-julie-dirigeante-1320x1616.jpeg 1320w\" sizes=\"(max-width: 245px) 100vw, 245px\" \/><\/a><figcaption id=\"caption-attachment-1054\" class=\"wp-caption-text\">Julie Paratian<\/figcaption><\/figure><\/td>\n<\/tr>\n<\/tbody>\n<\/table>\n<blockquote><p>Sister Productions (anagramme de <em>Resist<\/em>) d\u00e9fend un cin\u00e9ma d\u2019auteur \u00e0 la fois novateur et \u00e0 la recherche d\u2019un \u00e9cho aupr\u00e8s du public, dans une approche r\u00e9solument internationale, f\u00e9ministe et critique dans son rapport au travail et au monde.<\/p><\/blockquote>\n<ul>\n<li>La Fontaine Galineau, 33390 Berson.<\/li>\n<li>Ann\u00e9e de cr\u00e9ation\u00a0: 2011.<\/li>\n<li>Films documentaires et de fiction.<\/li>\n<\/ul>\n<p>&nbsp;<\/p>\n<ul>\n<li>Site web\u00a0: <a href=\"http:\/\/sisterprod.com\" target=\"_blank\" rel=\"noopener\">sisterprod.com<\/a><\/li>\n<li>Facebook : <a href=\"https:\/\/www.facebook.com\/sisterproductions\/\" target=\"_blank\" rel=\"noopener\">@sisterproductions<\/a><\/li>\n<li>Contact\u00a0: <a href=\"mailto:sisterprod@gmail.com\" target=\"_blank\" rel=\"noopener\">sisterprod@gmail.com<\/a><\/li>\n<\/ul>\n<p>Retrouvez le catalogue complet de Sister Productions sur\u00a0<a href=\"http:\/\/sisterprod.com\/\" target=\"_blank\" rel=\"noopener\">son site.<\/a><\/p>\n<table style=\"height: 62px; width: 780px;\">\n<tbody>\n<tr>\n<td style=\"width: 590.234375px; vertical-align: top;\"><strong><em>Demons in Paradise<\/em><\/strong><\/td>\n<td style=\"width: 281.765625px; vertical-align: top;\"><\/td>\n<\/tr>\n<tr>\n<td style=\"width: 590.234375px; vertical-align: top;\">2017 \u2013 Long m\u00e9trage Documentaire \u2013 94\u2019. R\u00e9alisation\u00a0: Jude Ratman.<\/p>\n<p>Premi\u00e8re\u00a0internationale : S\u00e9lection Officielle Cannes 2017, hors comp\u00e9tition.<\/p>\n<p>Sri Lanka, 1983, Jude Ratnam a cinq ans. Il fuit \u00e0 bord d\u2019un train rouge les massacres perp\u00e9tr\u00e9s contre les Tamouls par une partie de la population cinghalaise, avec la complicit\u00e9 des autorit\u00e9s.<br \/>\nAujourd\u2019hui, r\u00e9alisateur, Jude parcourt \u00e0 nouveau son pays du sud au nord. Face \u00e0 lui d\u00e9filent les traces de la violence de 26 ans d\u2019une guerre qui a fait basculer le combat pour la libert\u00e9 de la minorit\u00e9 tamoule dans un terrorisme autodestructeur. En convoquant les souvenirs enfouis de ses compatriotes ayant appartenu pour la plupart \u00e0 des groupes militants, dont les Tigres tamouls, il propose de surmonter la col\u00e8re et ouvre la voie \u00e0 une possible r\u00e9conciliation.<br \/>\nDemons in Paradise est l\u2019aboutissement de 10 ans de travail. C\u2019est le premier film documentaire d\u2019un cin\u00e9aste tamoul qui ose raconter le conflit sri lankais de l\u2019int\u00e9rieur.<\/p>\n<p><a href=\"http:\/\/www.allocine.fr\/video\/player_gen_cmedia=19571378&amp;cfilm=255501.html\" target=\"_blank\" rel=\"noopener\">Voir la bande-annonce<\/a><\/p>\n<p><a href=\"http:\/\/www.allocine.fr\/video\/player_gen_cmedia=19571379&amp;cfilm=255501.html\" target=\"_blank\" rel=\"noopener\">Voir un premier extrait du film : \u00ab\u00a0gu\u00e9rillero\u00a0\u00bb<\/a><\/p>\n<p><a href=\"http:\/\/www.allocine.fr\/video\/player_gen_cmedia=19571380&amp;cfilm=255501.html\" target=\"_blank\" rel=\"noopener\">Voir un deuxi\u00e8me extrait du film : \u00ab\u00a0souvenir\u00a0\u00bb<\/a><\/p>\n<p><a href=\"http:\/\/www.allocine.fr\/video\/player_gen_cmedia=19571381&amp;cfilm=255501.html\" target=\"_blank\" rel=\"noopener\">Voir un troisi\u00e8me extrait du film : \u00ab\u00a0c&rsquo;est \u00e9norme\u00a0\u00bb<\/a><\/td>\n<td style=\"width: 281.765625px; vertical-align: top;\"><a href=\"http:\/\/produire-en-nouvelle-aquitaine.org\/wp-content\/uploads\/2019\/05\/Demons-in-paradise.jpg\" target=\"_blank\" rel=\"noopener\"><img loading=\"lazy\" decoding=\"async\" class=\"alignright wp-image-1050 size-medium\" src=\"http:\/\/produire-en-nouvelle-aquitaine.org\/wp-content\/uploads\/2019\/05\/Demons-in-paradise-221x300.jpg\" alt=\"\" width=\"221\" height=\"300\" srcset=\"https:\/\/produire-en-nouvelle-aquitaine.org\/wp-content\/uploads\/2019\/05\/Demons-in-paradise-221x300.jpg 221w, https:\/\/produire-en-nouvelle-aquitaine.org\/wp-content\/uploads\/2019\/05\/Demons-in-paradise.jpg 293w\" sizes=\"(max-width: 221px) 100vw, 221px\" \/><\/a><\/td>\n<\/tr>\n<\/tbody>\n<\/table>\n<table style=\"height: 62px; width: 780px;\">\n<tbody>\n<tr>\n<td style=\"width: 530.859375px; vertical-align: top;\"><strong><em>En bataille<\/em><\/strong><\/td>\n<td style=\"width: 258.140625px; vertical-align: top;\"><\/td>\n<\/tr>\n<tr>\n<td style=\"width: 530.859375px; vertical-align: top;\">2015 \u2013 Documentaire \u2013 58\u2019. R\u00e9alisation\u00a0: \u00c8ve Duchemin.<\/p>\n<p>Premi\u00e8re\u00a0internationale : Coproduction ARTE France, Magritte du meilleur documentaire 2016.<\/p>\n<p>\u00c0 la t\u00eate d\u2019un centre p\u00e9nitentiaire pour hommes depuis quatre ans, Marie Laffont a d\u00fb se forger une carapace. Dans ce microcosme, les tensions sont aviv\u00e9es, les esprits s&rsquo;\u00e9chauffent vite. Lucide sur la mani\u00e8re dont sa fonction est per\u00e7ue par les d\u00e9tenus, les surveillants et plus globalement par la soci\u00e9t\u00e9, Marie doit d\u00e9montrer jour apr\u00e8s jour ses qualit\u00e9s pour apporter des r\u00e9ponses adapt\u00e9es. \u00c0 travers le quotidien de cette jeune directrice, une facette in\u00e9dite du monde carc\u00e9ral nous est r\u00e9v\u00e9l\u00e9e.<\/p>\n<p><a href=\"https:\/\/www.youtube.com\/watch?v=ztMy7mmcbI8\" target=\"_blank\" rel=\"noopener\">Voir la bande-annonce<\/a><\/td>\n<td style=\"width: 258.140625px; vertical-align: top;\"><a href=\"http:\/\/produire-en-nouvelle-aquitaine.org\/wp-content\/uploads\/2019\/05\/affiche-en-bataille.jpg\" target=\"_blank\" rel=\"noopener\"><img loading=\"lazy\" decoding=\"async\" class=\"alignright wp-image-1049 size-medium\" src=\"http:\/\/produire-en-nouvelle-aquitaine.org\/wp-content\/uploads\/2019\/05\/affiche-en-bataille-211x300.jpg\" alt=\"\" width=\"211\" height=\"300\" srcset=\"https:\/\/produire-en-nouvelle-aquitaine.org\/wp-content\/uploads\/2019\/05\/affiche-en-bataille-211x300.jpg 211w, https:\/\/produire-en-nouvelle-aquitaine.org\/wp-content\/uploads\/2019\/05\/affiche-en-bataille-768x1090.jpg 768w, https:\/\/produire-en-nouvelle-aquitaine.org\/wp-content\/uploads\/2019\/05\/affiche-en-bataille-721x1024.jpg 721w, https:\/\/produire-en-nouvelle-aquitaine.org\/wp-content\/uploads\/2019\/05\/affiche-en-bataille-1320x1874.jpg 1320w\" sizes=\"(max-width: 211px) 100vw, 211px\" \/><\/a><\/td>\n<\/tr>\n<\/tbody>\n<\/table>\n<table style=\"height: 62px; width: 780px;\">\n<tbody>\n<tr>\n<td style=\"width: 579.25px; vertical-align: top;\"><strong><em>Her Job<\/em><\/strong><\/td>\n<td style=\"width: 286.75px;\"><\/td>\n<\/tr>\n<tr>\n<td style=\"width: 579.25px; vertical-align: top;\">2019 \u2013 Fiction\u00a0\u2013 R\u00e9alisation &#8211; 90\u2019\u00a0: Nikos Lab\u00f4t.<\/p>\n<p>Premi\u00e8re internationale\u00a0: Toronto, Les Arcs (coproduction Gr\u00e8ce, Serbie).<\/p>\n<p>Ath\u00e8nes de nos jours,<br \/>\nPanayiota est une femme au foyer, compl\u00e8tement d\u00e9vou\u00e9e \u00e0 son mari et \u00e0 leurs deux enfants. Elle est peu all\u00e9e \u00e0 l\u2019\u00e9cole, ne sait pas lire, a quitt\u00e9 la demeure familiale pour le domicile conjugal, passant d&rsquo;une domination patriarcale \u00e0 une autre.<br \/>\nCrise oblige, Panayiota doit, pour la premi\u00e8re fois de sa vie, prendre un travail\u2026<\/p>\n<p><a href=\"http:\/\/www.allocine.fr\/video\/player_gen_cmedia=19583464&amp;cfilm=267327.html\" target=\"_blank\" rel=\"noopener\">Voir la bande-annonce<\/a><\/td>\n<td style=\"width: 286.75px; vertical-align: top;\"><a href=\"http:\/\/produire-en-nouvelle-aquitaine.org\/wp-content\/uploads\/2019\/05\/her-job-affiche.jpg\" target=\"_blank\" rel=\"attachment noopener wp-att-1372\"><img loading=\"lazy\" decoding=\"async\" class=\"alignnone wp-image-1372 size-medium\" src=\"http:\/\/produire-en-nouvelle-aquitaine.org\/wp-content\/uploads\/2019\/05\/her-job-affiche-240x300.jpg\" alt=\"\" width=\"240\" height=\"300\" srcset=\"https:\/\/produire-en-nouvelle-aquitaine.org\/wp-content\/uploads\/2019\/05\/her-job-affiche-240x300.jpg 240w, https:\/\/produire-en-nouvelle-aquitaine.org\/wp-content\/uploads\/2019\/05\/her-job-affiche.jpg 768w\" sizes=\"(max-width: 240px) 100vw, 240px\" \/><\/a><\/td>\n<\/tr>\n<\/tbody>\n<\/table>\n<table style=\"height: 510px; width: 790px;\">\n<tbody>\n<tr>\n<td style=\"width: 452px; vertical-align: top;\"><strong><em>Jardin noir, ciel bleu<\/em><\/strong><\/td>\n<td style=\"width: 322px; vertical-align: top;\"><\/td>\n<\/tr>\n<tr>\n<td style=\"width: 452px; vertical-align: top;\">2019 \u2013 Fiction\u00a0\u2013 R\u00e9alisation &#8211; 90\u2019\u00a0: Nora Martirosyan<\/p>\n<p>Premi\u00e8re internationale\u00a0: sortie pr\u00e9vue en 2020 (Avance sur Recettes, Eurimages, Prix ARTE Cinefondation \u00e0 Cannes).<\/p>\n<p>Alain, un auditeur international fran\u00e7ais, vient expertiser l\u2019a\u00e9roport d\u2019une R\u00e9publique auto-proclam\u00e9e du Caucase afin de donner le feu vert \u00e0 sa r\u00e9ouverture.<br \/>\nEdgar, un petit gar\u00e7on du coin, erre autour de l\u2019a\u00e9roport et se livre \u00e0 un \u00e9trange commerce. L\u2019homme et l\u2019enfant finissent par se rencontrer\u2026<\/p>\n<p>&nbsp;<\/td>\n<td style=\"width: 322px; vertical-align: top;\">\n<table style=\"height: 303px; width: 322px;\">\n<tbody>\n<tr>\n<td style=\"width: 318px; vertical-align: top;\"><a href=\"http:\/\/produire-en-nouvelle-aquitaine.org\/wp-content\/uploads\/2019\/05\/Jardin_Noir_ciel_bleu_image.jpg\" target=\"_blank\" rel=\"attachment noopener wp-att-1052\"><img loading=\"lazy\" decoding=\"async\" class=\"alignnone wp-image-1052 size-medium\" src=\"http:\/\/produire-en-nouvelle-aquitaine.org\/wp-content\/uploads\/2019\/05\/Jardin_Noir_ciel_bleu_image-300x193.jpg\" alt=\"\" width=\"300\" height=\"193\" srcset=\"https:\/\/produire-en-nouvelle-aquitaine.org\/wp-content\/uploads\/2019\/05\/Jardin_Noir_ciel_bleu_image-300x193.jpg 300w, https:\/\/produire-en-nouvelle-aquitaine.org\/wp-content\/uploads\/2019\/05\/Jardin_Noir_ciel_bleu_image-768x494.jpg 768w, https:\/\/produire-en-nouvelle-aquitaine.org\/wp-content\/uploads\/2019\/05\/Jardin_Noir_ciel_bleu_image.jpg 960w\" sizes=\"(max-width: 300px) 100vw, 300px\" \/><\/a><\/td>\n<\/tr>\n<tr>\n<td style=\"width: 318px; vertical-align: top;\"><a href=\"http:\/\/produire-en-nouvelle-aquitaine.org\/wp-content\/uploads\/2019\/05\/Jardin_Noir_ciel_bleu_1-1.jpg\" target=\"_blank\" rel=\"attachment noopener wp-att-1051\"><img loading=\"lazy\" decoding=\"async\" class=\"alignnone wp-image-1051 size-medium\" src=\"http:\/\/produire-en-nouvelle-aquitaine.org\/wp-content\/uploads\/2019\/05\/Jardin_Noir_ciel_bleu_1-1-300x193.jpg\" alt=\"\" width=\"300\" height=\"193\" srcset=\"https:\/\/produire-en-nouvelle-aquitaine.org\/wp-content\/uploads\/2019\/05\/Jardin_Noir_ciel_bleu_1-1-300x193.jpg 300w, https:\/\/produire-en-nouvelle-aquitaine.org\/wp-content\/uploads\/2019\/05\/Jardin_Noir_ciel_bleu_1-1-768x493.jpg 768w, https:\/\/produire-en-nouvelle-aquitaine.org\/wp-content\/uploads\/2019\/05\/Jardin_Noir_ciel_bleu_1-1.jpg 960w\" sizes=\"(max-width: 300px) 100vw, 300px\" \/><\/a><\/td>\n<\/tr>\n<\/tbody>\n<\/table>\n<p><strong><em>\u00a0<\/em><\/strong><\/td>\n<\/tr>\n<\/tbody>\n<\/table>\n<p>&nbsp;<\/p>\n<p>&nbsp;<\/p>\n<p>&nbsp;<\/p>\n<p>&nbsp;<\/p>\n<p>&nbsp;<\/p>\n","protected":false},"excerpt":{"rendered":"<p>Sister Productions (anagramme de Resist) d\u00e9fend un cin\u00e9ma d\u2019auteur \u00e0 la fois novateur et \u00e0 la recherche d\u2019un \u00e9cho aupr\u00e8s du public, dans une approche r\u00e9solument internationale, f\u00e9ministe et critique dans son rapport au travail et au monde. La Fontaine Galineau, 33390 Berson. Ann\u00e9e de cr\u00e9ation\u00a0: 2011. Films documentaires et de fiction. &nbsp; Site web\u00a0:&hellip; <a href=\"https:\/\/produire-en-nouvelle-aquitaine.org\/index.php\/2019\/08\/28\/sister-productions\/\" class=\"more-link\">Lire la suite <span class=\"screen-reader-text\">Sister Productions<\/span><\/a><\/p>\n","protected":false},"author":2,"featured_media":0,"comment_status":"closed","ping_status":"closed","sticky":false,"template":"","format":"standard","meta":{"footnotes":""},"categories":[8],"tags":[],"_links":{"self":[{"href":"https:\/\/produire-en-nouvelle-aquitaine.org\/index.php\/wp-json\/wp\/v2\/posts\/1024"}],"collection":[{"href":"https:\/\/produire-en-nouvelle-aquitaine.org\/index.php\/wp-json\/wp\/v2\/posts"}],"about":[{"href":"https:\/\/produire-en-nouvelle-aquitaine.org\/index.php\/wp-json\/wp\/v2\/types\/post"}],"author":[{"embeddable":true,"href":"https:\/\/produire-en-nouvelle-aquitaine.org\/index.php\/wp-json\/wp\/v2\/users\/2"}],"replies":[{"embeddable":true,"href":"https:\/\/produire-en-nouvelle-aquitaine.org\/index.php\/wp-json\/wp\/v2\/comments?post=1024"}],"version-history":[{"count":24,"href":"https:\/\/produire-en-nouvelle-aquitaine.org\/index.php\/wp-json\/wp\/v2\/posts\/1024\/revisions"}],"predecessor-version":[{"id":1766,"href":"https:\/\/produire-en-nouvelle-aquitaine.org\/index.php\/wp-json\/wp\/v2\/posts\/1024\/revisions\/1766"}],"wp:attachment":[{"href":"https:\/\/produire-en-nouvelle-aquitaine.org\/index.php\/wp-json\/wp\/v2\/media?parent=1024"}],"wp:term":[{"taxonomy":"category","embeddable":true,"href":"https:\/\/produire-en-nouvelle-aquitaine.org\/index.php\/wp-json\/wp\/v2\/categories?post=1024"},{"taxonomy":"post_tag","embeddable":true,"href":"https:\/\/produire-en-nouvelle-aquitaine.org\/index.php\/wp-json\/wp\/v2\/tags?post=1024"}],"curies":[{"name":"wp","href":"https:\/\/api.w.org\/{rel}","templated":true}]}}